{"id":949,"date":"2015-06-09T00:00:00","date_gmt":"2015-06-09T00:00:00","guid":{"rendered":"https:\/\/www.frelimo.org.mz\/?p=949"},"modified":"2015-06-09T00:00:00","modified_gmt":"2015-06-09T00:00:00","slug":"nyusi-apela-a-uniao-para-progresso-do-pais-e-nao-para-sofrer-nas-matas","status":"publish","type":"post","link":"https:\/\/www.frelimo.org.mz\/?p=949","title":{"rendered":"NYUSI APELA A UNI\u00c3O PARA PROGRESSO DO PA\u00cdS E N\u00c3O PARA \u201cSOFRER NAS MATAS"},"content":{"rendered":"<p><span style=\"color: #000000; font-family: Verdana, Helvetica, sans-serif; font-size: 12px; line-height: 16.7999992370605px; text-align: justify; background-color: #f1f2f2;\">O Presidente da FRELIMO e Presidente da Republica de Mocambique, Filipe Jacinto Nyusi, encorajou ontem a popu\u00e7\u00e3o do distrito de Marracuene, Provincia de Maputo, e do Pa\u00eds, em geral, a falar com seus irm\u00e3os que est\u00e3o a sofrer nas matas, a se juntarem a sociedade, pois, este \u00e9 o momento para que todos se unam, trabalhem e desenvolvam o Pa\u00eds.<\/span><\/p>\n","protected":false},"excerpt":{"rendered":"<p>O Presidente da FRELIMO e Presidente da Republica de Mocambique, Filipe Jacinto Nyusi, encorajou ontem a popu\u00e7\u00e3o do distrito de Marracuene, Provincia de Maputo, e do Pa\u00eds, em geral, a falar com seus irm\u00e3os que est\u00e3o a sofrer nas matas, a se juntarem a sociedade, pois, este \u00e9 o momento para que todos se unam, &hellip;<\/p>\n","protected":false},"author":1,"featured_media":0,"comment_status":"open","ping_status":"open","sticky":false,"template":"","format":"standard","meta":{"_jetpack_memberships_contains_paid_content":false,"footnotes":""},"categories":[4],"tags":[],"class_list":["post-949","post","type-post","status-publish","format-standard","hentry","category-outras"],"jetpack_featured_media_url":"","jetpack_sharing_enabled":true,"_links":{"self":[{"href":"https:\/\/www.frelimo.org.mz\/index.php?rest_route=\/wp\/v2\/posts\/949","targetHints":{"allow":["GET"]}}],"collection":[{"href":"https:\/\/www.frelimo.org.mz\/index.php?rest_route=\/wp\/v2\/posts"}],"about":[{"href":"https:\/\/www.frelimo.org.mz\/index.php?rest_route=\/wp\/v2\/types\/post"}],"author":[{"embeddable":true,"href":"https:\/\/www.frelimo.org.mz\/index.php?rest_route=\/wp\/v2\/users\/1"}],"replies":[{"embeddable":true,"href":"https:\/\/www.frelimo.org.mz\/index.php?rest_route=%2Fwp%2Fv2%2Fcomments&post=949"}],"version-history":[{"count":0,"href":"https:\/\/www.frelimo.org.mz\/index.php?rest_route=\/wp\/v2\/posts\/949\/revisions"}],"wp:attachment":[{"href":"https:\/\/www.frelimo.org.mz\/index.php?rest_route=%2Fwp%2Fv2%2Fmedia&parent=949"}],"wp:term":[{"taxonomy":"category","embeddable":true,"href":"https:\/\/www.frelimo.org.mz\/index.php?rest_route=%2Fwp%2Fv2%2Fcategories&post=949"},{"taxonomy":"post_tag","embeddable":true,"href":"https:\/\/www.frelimo.org.mz\/index.php?rest_route=%2Fwp%2Fv2%2Ftags&post=949"}],"curies":[{"name":"wp","href":"https:\/\/api.w.org\/{rel}","templated":true}]}}