{"id":6450,"date":"2026-04-30T06:30:31","date_gmt":"2026-04-30T04:30:31","guid":{"rendered":"https:\/\/www.frelimo.org.mz\/?p=6450"},"modified":"2026-04-30T06:36:15","modified_gmt":"2026-04-30T04:36:15","slug":"frelimo-destaca-reformas-legais-e-ofensiva-diplomatica-para-impulsionar-desenvolvimento","status":"publish","type":"post","link":"https:\/\/www.frelimo.org.mz\/?p=6450","title":{"rendered":"FRELIMO DESTACA REFORMAS LEGAIS E OFENSIVA DIPLOM\u00c1TICA PARA IMPULSIONAR DESENVOLVIMENTO"},"content":{"rendered":"\n<p><\/p>\n\n\n\n<p>Sob a direc\u00e7\u00e3o do Camarada DANIEL FRANCISCO CHAPO, Presidente da FRELIMO e Presidente da Rep\u00fablica de Mo\u00e7ambique, teve lugar no dia 28 de Abril de 2026, na Sede Nacional da FRELIMO, a 68.\u00aa Sess\u00e3o Ordin\u00e1ria da Comiss\u00e3o Pol\u00edtica, para analisar a actual situa\u00e7\u00e3o pol\u00edtica, econ\u00f3mica e s\u00f3cio-cultural do Pa\u00eds.<\/p>\n\n\n\n<p>A Comiss\u00e3o Pol\u00edtica da FRELIMO avaliou positivamente a ac\u00e7\u00e3o governativa no primeiro trimestre de 2026, destacando a estabilidade no abastecimento de combust\u00edvel apesar das press\u00f5es causadas pelo conflito no M\u00e9dio Oriente, a aprova\u00e7\u00e3o de legisla\u00e7\u00e3o para melhor organiza\u00e7\u00e3o da governa\u00e7\u00e3o descentralizada e o avan\u00e7o de iniciativas estrat\u00e9gicas como a cria\u00e7\u00e3o do Banco de Desenvolvimento de Mo\u00e7ambique.<\/p>\n\n\n\n<p>Saudou ainda propostas do Presidente Chapo para revis\u00e3o das leis de Minas e Petr\u00f3leos e a Lei de Conte\u00fado Local, submetidas \u00e0 Assembleia da Rep\u00fablica, bem como a aprova\u00e7\u00e3o de sal\u00e1rios m\u00ednimos 2026, mesmo reconhecendo as limita\u00e7\u00f5es impostas pelo contexto econ\u00f3mico.<\/p>\n\n\n\n<p>No plano pol\u00edtico interno, destacou-se a realiza\u00e7\u00e3o da V Sess\u00e3o do Comit\u00e9 Central, que refor\u00e7ou a estabilidade, a promo\u00e7\u00e3o da paz e a coes\u00e3o nacional, al\u00e9m de prepara\u00e7\u00e3o da 11.\u00aa Confer\u00eancia Nacional de Quadros. A FRELIMO reafirma a sua lideran\u00e7a face a desafios como terrorismo em Cabo Delgado, desastres naturais e press\u00f5es econ\u00f3micas.<\/p>\n\n\n\n<p>O \u00f3rg\u00e3o m\u00e1ximo do partido faz um balan\u00e7o positivo da V sess\u00e3o ordin\u00e1ria do Comit\u00e9 Central e das sess\u00f5es ordin\u00e1rias das organiza\u00e7\u00f5es sociais (OJM e OMM) que reiteraram o compromisso com o desenvolvimento inclusivo.<\/p>\n\n\n\n<p>Outrossim, congratula a decis\u00e3o da desloca\u00e7\u00e3o das brigadas centrais para monitoria e dinamiza\u00e7\u00e3o do trabalho pol\u00edtico nos os dias 7 a 11 de Maio.<\/p>\n\n\n\n<p>No contexto internacional, foi enaltecida a diplomacia presidencial, com destaque para a visita \u00e0 China, que resultou em apoio financeiro, novos projectos de sa\u00fade, com destaque para o an\u00fancio da constru\u00e7\u00e3o do Centro Cir\u00fargico Sino-Africano no Hospital Central de Maputo, e facilita\u00e7\u00e3o das exporta\u00e7\u00f5es mo\u00e7ambicanas. Foram tamb\u00e9m registados avan\u00e7os na coopera\u00e7\u00e3o com a Eti\u00f3pia, incluindo novas liga\u00e7\u00f5es a\u00e9reas, e o refor\u00e7o das rela\u00e7\u00f5es com Eswatini e com o Partido Comunista da China.<\/p>\n\n\n\n<p>A Comiss\u00e3o Pol\u00edtica encorajou a bancada parlamentar a continuar a promover consensos e legisla\u00e7\u00e3o para o desenvolvimento, e elogiou o desempenho das For\u00e7as de Defesa e Seguran\u00e7a no combate ao terrorismo e \u00e0 criminalidade.<\/p>\n\n\n\n<p>Apelou ainda \u00e0 sociedade para combater a desinforma\u00e7\u00e3o, particularmente rumores registados em algumas prov\u00edncias, e saudou as ac\u00e7\u00f5es contra redes criminosas.<\/p>\n\n\n\n<p>A Comiss\u00e3o Pol\u00edtica refor\u00e7a o compromisso da FRELIMO com a unidade nacional, a paz e o desenvolvimento sustent\u00e1vel. Pelo que desencoraja a onda de desinforma\u00e7\u00e3o sobre encolhimento de \u00f3rg\u00e3os genitais, propalada em Nampula, Zamb\u00e9zia, Cabo Delgado e Niassa. Sa\u00fada o trabalho do Servi\u00e7o Nacional de Investiga\u00e7\u00e3o Criminal no desmantelamento de redes criminosas e enaltece o trabalho das For\u00e7as de Defesa e Seguran\u00e7a em v\u00e1rias frentes de preven\u00e7\u00e3o do crime e combate ao terrorismo em Cabo Delgado.<\/p>\n\n\n\n<div data-wp-interactive=\"core\/file\" class=\"wp-block-file\"><object data-wp-bind--hidden=\"!state.hasPdfPreview\" hidden class=\"wp-block-file__embed\" data=\"https:\/\/www.frelimo.org.mz\/wp-content\/uploads\/2026\/04\/COMUNICADO-FRELIMO-CP68fnl.pdf\" type=\"application\/pdf\" style=\"width:100%;height:600px\" aria-label=\"Incorpora\u00e7\u00e3o de COMUNICADO FRELIMO CP68fnl.\"><\/object><a id=\"wp-block-file--media-ad80ddc0-1ed7-4648-b995-ba743b88999f\" href=\"https:\/\/www.frelimo.org.mz\/wp-content\/uploads\/2026\/04\/COMUNICADO-FRELIMO-CP68fnl.pdf\">COMUNICADO FRELIMO CP68fnl<\/a><a href=\"https:\/\/www.frelimo.org.mz\/wp-content\/uploads\/2026\/04\/COMUNICADO-FRELIMO-CP68fnl.pdf\" class=\"wp-block-file__button wp-element-button\" download aria-describedby=\"wp-block-file--media-ad80ddc0-1ed7-4648-b995-ba743b88999f\">Descarregar<\/a><\/div>\n\n\n\n<p><\/p>\n","protected":false},"excerpt":{"rendered":"<p>Sob a direc\u00e7\u00e3o do Camarada DANIEL FRANCISCO CHAPO, Presidente da FRELIMO e Presidente da Rep\u00fablica de Mo\u00e7ambique, teve lugar no dia 28 de Abril de 2026, na Sede Nacional da FRELIMO, a 68.\u00aa Sess\u00e3o Ordin\u00e1ria da Comiss\u00e3o Pol\u00edtica, para analisar a actual situa\u00e7\u00e3o pol\u00edtica, econ\u00f3mica e s\u00f3cio-cultural do Pa\u00eds. A Comiss\u00e3o Pol\u00edtica da FRELIMO avaliou &hellip;<\/p>\n","protected":false},"author":2,"featured_media":6451,"comment_status":"open","ping_status":"open","sticky":false,"template":"","format":"standard","meta":{"_jetpack_memberships_contains_paid_content":false,"footnotes":""},"categories":[7],"tags":[],"class_list":["post-6450","post","type-post","status-publish","format-standard","has-post-thumbnail","hentry","category-destaques"],"jetpack_featured_media_url":"https:\/\/www.frelimo.org.mz\/wp-content\/uploads\/2026\/04\/FB_IMG_1777523142918.jpg","jetpack_sharing_enabled":true,"_links":{"self":[{"href":"https:\/\/www.frelimo.org.mz\/index.php?rest_route=\/wp\/v2\/posts\/6450","targetHints":{"allow":["GET"]}}],"collection":[{"href":"https:\/\/www.frelimo.org.mz\/index.php?rest_route=\/wp\/v2\/posts"}],"about":[{"href":"https:\/\/www.frelimo.org.mz\/index.php?rest_route=\/wp\/v2\/types\/post"}],"author":[{"embeddable":true,"href":"https:\/\/www.frelimo.org.mz\/index.php?rest_route=\/wp\/v2\/users\/2"}],"replies":[{"embeddable":true,"href":"https:\/\/www.frelimo.org.mz\/index.php?rest_route=%2Fwp%2Fv2%2Fcomments&post=6450"}],"version-history":[{"count":0,"href":"https:\/\/www.frelimo.org.mz\/index.php?rest_route=\/wp\/v2\/posts\/6450\/revisions"}],"wp:featuredmedia":[{"embeddable":true,"href":"https:\/\/www.frelimo.org.mz\/index.php?rest_route=\/wp\/v2\/media\/6451"}],"wp:attachment":[{"href":"https:\/\/www.frelimo.org.mz\/index.php?rest_route=%2Fwp%2Fv2%2Fmedia&parent=6450"}],"wp:term":[{"taxonomy":"category","embeddable":true,"href":"https:\/\/www.frelimo.org.mz\/index.php?rest_route=%2Fwp%2Fv2%2Fcategories&post=6450"},{"taxonomy":"post_tag","embeddable":true,"href":"https:\/\/www.frelimo.org.mz\/index.php?rest_route=%2Fwp%2Fv2%2Ftags&post=6450"}],"curies":[{"name":"wp","href":"https:\/\/api.w.org\/{rel}","templated":true}]}}