{"id":6445,"date":"2026-04-28T07:40:17","date_gmt":"2026-04-28T05:40:17","guid":{"rendered":"https:\/\/www.frelimo.org.mz\/?p=6445"},"modified":"2026-04-29T07:41:59","modified_gmt":"2026-04-29T05:41:59","slug":"sg-da-frelimo-e-presidente-do-parlamento-de-angola-reafirmam-irmandade-entre-os-povos","status":"publish","type":"post","link":"https:\/\/www.frelimo.org.mz\/?p=6445","title":{"rendered":"SG DA FRELIMO E PRESIDENTE DO PARLAMENTO DE ANGOLA REAFIRMAM IRMANDADE ENTRE OS POVOS"},"content":{"rendered":"\n<p>SG DA FRELIMO E PRESIDENTE DO PARLAMENTO DE ANGOLA REAFIRMAM IRMANDADE ENTRE OS POVOS<\/p>\n\n\n\n<p>\u200bO Secret\u00e1rio-Geral da FRELIMO, Chakil Aboobacar, destacou, esta ter\u00e7a-feira, a relev\u00e2ncia da visita ao pa\u00eds do Presidente da Assembleia Nacional de Angola, Ad\u00e3o de Almeida, como um marco inabal\u00e1vel na reafirma\u00e7\u00e3o da amizade e irmandade hist\u00f3ricas que unem os povos mo\u00e7ambicano e angolano.<\/p>\n\n\n\n<p>\u200bChakil Aboobacar falava na Sede Nacional da FRELIMO, perante uma moldura humana vibrante de membros e simpatizantes do Partido, que acorreram para saudar o dirigente angolano e prestigiado membro s\u00e9nior do MPLA \u2014 o movimento irm\u00e3o na forja das independ\u00eancias nacionais.<\/p>\n\n\n\n<p>\u200bNa ocasi\u00e3o, o Secret\u00e1rio-Geral recordou com emo\u00e7\u00e3o a visita que, em Novembro do ano passado, efectuou a Angola. Reiterou o compromisso inalien\u00e1vel da FRELIMO e dos mo\u00e7ambicanos em consolidar, dia ap\u00f3s dia, as rela\u00e7\u00f5es com o MPLA e com o povo angolano, alicer\u00e7adas no des\u00edgnio comum de construir pontes indestrut\u00edveis em prol da prosperidade, da justi\u00e7a social e do progresso de ambas as Na\u00e7\u00f5es.<\/p>\n\n\n\n<figure class=\"wp-block-image size-large\"><img loading=\"lazy\" decoding=\"async\" width=\"1024\" height=\"768\" src=\"https:\/\/www.frelimo.org.mz\/wp-content\/uploads\/2026\/04\/1000087771-1024x768.jpg\" alt=\"\" class=\"wp-image-6447\" srcset=\"https:\/\/www.frelimo.org.mz\/wp-content\/uploads\/2026\/04\/1000087771-1024x768.jpg 1024w, https:\/\/www.frelimo.org.mz\/wp-content\/uploads\/2026\/04\/1000087771-300x225.jpg 300w, https:\/\/www.frelimo.org.mz\/wp-content\/uploads\/2026\/04\/1000087771-768x576.jpg 768w, https:\/\/www.frelimo.org.mz\/wp-content\/uploads\/2026\/04\/1000087771-1536x1152.jpg 1536w, https:\/\/www.frelimo.org.mz\/wp-content\/uploads\/2026\/04\/1000087771.jpg 2048w\" sizes=\"auto, (max-width: 1024px) 100vw, 1024px\" \/><\/figure>\n\n\n\n<p>\u200b&#8221;Esta visita ocorre num momento de particular fervor pol\u00edtico para n\u00f3s, pois realiz\u00e1mos recentemente a V Sess\u00e3o do Comit\u00e9 Central da FRELIMO, onde foram aprovados instrumentos estruturantes para o destino do Partido e do Pa\u00eds. Simultaneamente, avan\u00e7amos com determina\u00e7\u00e3o na prepara\u00e7\u00e3o da nossa 11.\u00aa Confer\u00eancia Nacional de Quadros, que constituir\u00e1 um momento \u00edmpar de unidade e renova\u00e7\u00e3o das nossas fileiras&#8221;, afirmou com convic\u00e7\u00e3o.<\/p>\n\n\n\n<p>\u200bPor seu turno, o Presidente da Assembleia Nacional de Angola expressou o seu profundo agradecimento pelo acolhimento caloroso e fraternal, explicando, igualmente, que a sua presen\u00e7a na Sede da FRELIMO \u00e9 um acto de profunda simbologia pol\u00edtica, visando o estreitamento inequ\u00edvoco dos la\u00e7os entre os dois povos.<\/p>\n\n\n\n<p>\u200b&#8221;Mo\u00e7ambique e Angola partilham la\u00e7os de irmandade temperados no a\u00e7o das lutas comuns. Elementos indissoci\u00e1veis uniram-nos nos momentos mais her\u00f3icos e dif\u00edceis das nossas hist\u00f3rias; e, tal como soubemos manter a unidade no passado, mant\u00ea-la-emos com firmeza no presente e no futuro&#8221;, sublinhou Ad\u00e3o de Almeida.<\/p>\n\n\n\n<p>\u200bO dirigente angolano assegurou, igualmente, que Angola continuar\u00e1 a marchar lado a lado com Mo\u00e7ambique, refor\u00e7ando a coes\u00e3o e a solidariedade estrat\u00e9gica, em benef\u00edcio da prosperidade m\u00fatua e do bem-estar de ambos os povos.<\/p>\n","protected":false},"excerpt":{"rendered":"<p>SG DA FRELIMO E PRESIDENTE DO PARLAMENTO DE ANGOLA REAFIRMAM IRMANDADE ENTRE OS POVOS \u200bO Secret\u00e1rio-Geral da FRELIMO, Chakil Aboobacar, destacou, esta ter\u00e7a-feira, a relev\u00e2ncia da visita ao pa\u00eds do Presidente da Assembleia Nacional de Angola, Ad\u00e3o de Almeida, como um marco inabal\u00e1vel na reafirma\u00e7\u00e3o da amizade e irmandade hist\u00f3ricas que unem os povos mo\u00e7ambicano &hellip;<\/p>\n","protected":false},"author":2,"featured_media":6446,"comment_status":"open","ping_status":"open","sticky":false,"template":"","format":"standard","meta":{"_jetpack_memberships_contains_paid_content":false,"footnotes":""},"categories":[7],"tags":[],"class_list":["post-6445","post","type-post","status-publish","format-standard","has-post-thumbnail","hentry","category-destaques"],"jetpack_featured_media_url":"https:\/\/www.frelimo.org.mz\/wp-content\/uploads\/2026\/04\/FB_IMG_1777441140400.jpg","jetpack_sharing_enabled":true,"_links":{"self":[{"href":"https:\/\/www.frelimo.org.mz\/index.php?rest_route=\/wp\/v2\/posts\/6445","targetHints":{"allow":["GET"]}}],"collection":[{"href":"https:\/\/www.frelimo.org.mz\/index.php?rest_route=\/wp\/v2\/posts"}],"about":[{"href":"https:\/\/www.frelimo.org.mz\/index.php?rest_route=\/wp\/v2\/types\/post"}],"author":[{"embeddable":true,"href":"https:\/\/www.frelimo.org.mz\/index.php?rest_route=\/wp\/v2\/users\/2"}],"replies":[{"embeddable":true,"href":"https:\/\/www.frelimo.org.mz\/index.php?rest_route=%2Fwp%2Fv2%2Fcomments&post=6445"}],"version-history":[{"count":1,"href":"https:\/\/www.frelimo.org.mz\/index.php?rest_route=\/wp\/v2\/posts\/6445\/revisions"}],"predecessor-version":[{"id":6448,"href":"https:\/\/www.frelimo.org.mz\/index.php?rest_route=\/wp\/v2\/posts\/6445\/revisions\/6448"}],"wp:featuredmedia":[{"embeddable":true,"href":"https:\/\/www.frelimo.org.mz\/index.php?rest_route=\/wp\/v2\/media\/6446"}],"wp:attachment":[{"href":"https:\/\/www.frelimo.org.mz\/index.php?rest_route=%2Fwp%2Fv2%2Fmedia&parent=6445"}],"wp:term":[{"taxonomy":"category","embeddable":true,"href":"https:\/\/www.frelimo.org.mz\/index.php?rest_route=%2Fwp%2Fv2%2Fcategories&post=6445"},{"taxonomy":"post_tag","embeddable":true,"href":"https:\/\/www.frelimo.org.mz\/index.php?rest_route=%2Fwp%2Fv2%2Ftags&post=6445"}],"curies":[{"name":"wp","href":"https:\/\/api.w.org\/{rel}","templated":true}]}}