{"id":6368,"date":"2026-03-12T06:51:26","date_gmt":"2026-03-12T04:51:26","guid":{"rendered":"https:\/\/www.frelimo.org.mz\/?p=6368"},"modified":"2026-03-12T06:51:28","modified_gmt":"2026-03-12T04:51:28","slug":"6368","status":"publish","type":"post","link":"https:\/\/www.frelimo.org.mz\/?p=6368","title":{"rendered":""},"content":{"rendered":"\n<p>FRELIMO analisa situa\u00e7\u00e3o do pa\u00eds e refor\u00e7a aposta na paz, inova\u00e7\u00e3o e desenvolvimento<\/p>\n\n\n\n<p>Sob a direc\u00e7\u00e3o do Camarada DANIEL FRANCISCO CHAPO, Presidente da FRELIMO e Presidente da Rep\u00fablica de Mo\u00e7ambique, teve lugar no dia 11 de Mar\u00e7o de 2026, na Sede Nacional da FRELIMO, a 65.\u00aa Sess\u00e3o Ordin\u00e1ria da Comiss\u00e3o Pol\u00edtica, que analisou a actual situa\u00e7\u00e3o pol\u00edtica, econ\u00f3mica e s\u00f3cio-cultural do Pa\u00eds.<\/p>\n\n\n\n<p>No plano pol\u00edtico e diplom\u00e1tico, o \u00f3rg\u00e3o destacou a participa\u00e7\u00e3o de Chapo na investidura do novo Presidente de Portugal, Ant\u00f3nio Jos\u00e9 Seguro, considerando o encontro uma oportunidade para refor\u00e7ar as rela\u00e7\u00f5es de coopera\u00e7\u00e3o entre os dois pa\u00edses. A Comiss\u00e3o Pol\u00edtica tamb\u00e9m valorizou a visita do secret\u00e1rio-geral da FRELIMO, Chakil Aboobacar, \u00e0 Tanz\u00e2nia, no quadro do fortalecimento das rela\u00e7\u00f5es com o partido Chama Cha Mapinduzi. Foi destacado o facto de a Frelimo, representada pelo Secret\u00e1rio-Geral, ter sido confiada a presid\u00eancia do Conselho de Curadores da Escola de Lideran\u00e7a Mwalimu Julius Nyerere, considerados os Estatutos desta institui\u00e7\u00e3o que preconizam rotatividade anual na lideran\u00e7a da \u00f3rg\u00e3o.<\/p>\n\n\n\n<p>A reuni\u00e3o analisou ainda os preparativos da V Sess\u00e3o Ordin\u00e1ria do Comit\u00e9 Central do partido, a decorrer de 9 a 12 de Abril, na cidade da Matola, e da 11.\u00aa Confer\u00eancia Nacional de Quadros, agendada para Agosto, em Chimoio, prov\u00edncia de Manica.<\/p>\n\n\n\n<p>Ainda na componente pol\u00edtica, foi anunciada a homologa\u00e7\u00e3o das candidaturas de Jacob Paulo Matumba e Jos\u00e9 Abibo Iassine, ao cargo de Primeiro Secret\u00e1rio da FRELIMO na Prov\u00edncia do Niassa, em elei\u00e7\u00f5es a decorrer ainda no presente m\u00eas de Mar\u00e7o.<\/p>\n\n\n\n<p>No dom\u00ednio governativo, a Comiss\u00e3o Pol\u00edtica enalteceu a inaugura\u00e7\u00e3o da ponte-cais de Inhaca, apontando a obra como um factor de melhoria da mobilidade entre KaNyaka e a cidade de Maputo e de impulso \u00e0 economia local.<\/p>\n\n\n\n<p>O \u00f3rg\u00e3o destacou ainda a participa\u00e7\u00e3o do chefe de estado na primeira sess\u00e3o do Di\u00e1logo Nacional Inclusivo de 2026 onde se destacou a necessidade do cumprimento rigoroso do prazo de dois anos, lembrando que a paz \u00e9 a condi\u00e7\u00e3o basilar para estabilidade nacional.<\/p>\n\n\n\n<p>A Comiss\u00e3o Pol\u00edtica congratula a provis\u00e3o de \u00e1gua para 17 mil pessoas gra\u00e7as a entrada em funcionamento de um novo sistema no distrito de Muanza, Sofala.<\/p>\n\n\n\n<p>A Frelimo saudou igualmente a cria\u00e7\u00e3o da Comiss\u00e3o Nacional para a Intelig\u00eancia Artificial, entendida como um passo para refor\u00e7ar a inova\u00e7\u00e3o tecnol\u00f3gica no pa\u00eds.<\/p>\n\n\n\n<p>Relativamente \u00e0 \u00e9poca chuvosa 2025\/2026, a Comiss\u00e3o Pol\u00edtica reconheceu o trabalho do Instituto Nacional de Gest\u00e3o e Redu\u00e7\u00e3o do Risco de Desastres na mitiga\u00e7\u00e3o de impactos das cheias e apelou ao Governo para acelerar o reassentamento das popula\u00e7\u00f5es afectadas. Enalteceu o apoio prestado \u00e0s fam\u00edlias pela primeira-dama, Gueta Chapo, nos centros de acolhimento.<\/p>\n\n\n\n<p>No plano parlamentar, o \u00f3rg\u00e3o encorajou a bancada da FRELIMO na Assembleia da Rep\u00fablica de Mo\u00e7ambique a prosseguir com o trabalho legislativo em defesa dos interesses nacionais.<\/p>\n\n\n\n<p>Na \u00e1rea de defesa e seguran\u00e7a, a Comiss\u00e3o Pol\u00edtica manifestou pesar pela morte do antigo chefe do Estado-Maior General das For\u00e7as Armadas de Defesa de Mo\u00e7ambique, L\u00e1zaro Henriques Lopes Menete, e elogiou o trabalho das for\u00e7as de defesa e seguran\u00e7a no combate ao terrorismo no norte do pa\u00eds e ao tr\u00e1fico de drogas na cidade de Maputo<\/p>\n\n\n\n<p><\/p>\n\n\n\n<div class=\"wp-block-file\"><a id=\"wp-block-file--media-7a23a202-606e-4559-9804-cab9f01028aa\" href=\"https:\/\/www.frelimo.org.mz\/wp-content\/uploads\/2026\/03\/COMUNICADOCP65.docx\">COMUNICADOCP65<\/a><a href=\"https:\/\/www.frelimo.org.mz\/wp-content\/uploads\/2026\/03\/COMUNICADOCP65.docx\" class=\"wp-block-file__button wp-element-button\" download aria-describedby=\"wp-block-file--media-7a23a202-606e-4559-9804-cab9f01028aa\">Descarregar<\/a><\/div>\n","protected":false},"excerpt":{"rendered":"<p>FRELIMO analisa situa\u00e7\u00e3o do pa\u00eds e refor\u00e7a aposta na paz, inova\u00e7\u00e3o e desenvolvimento Sob a direc\u00e7\u00e3o do Camarada DANIEL FRANCISCO CHAPO, Presidente da FRELIMO e Presidente da Rep\u00fablica de Mo\u00e7ambique, teve lugar no dia 11 de Mar\u00e7o de 2026, na Sede Nacional da FRELIMO, a 65.\u00aa Sess\u00e3o Ordin\u00e1ria da Comiss\u00e3o Pol\u00edtica, que analisou a actual &hellip;<\/p>\n","protected":false},"author":2,"featured_media":6370,"comment_status":"open","ping_status":"open","sticky":false,"template":"","format":"standard","meta":{"_jetpack_memberships_contains_paid_content":false,"footnotes":""},"categories":[7],"tags":[],"class_list":["post-6368","post","type-post","status-publish","format-standard","has-post-thumbnail","hentry","category-destaques"],"jetpack_featured_media_url":"https:\/\/www.frelimo.org.mz\/wp-content\/uploads\/2026\/03\/FB_IMG_1773290751542.jpg","jetpack_sharing_enabled":true,"_links":{"self":[{"href":"https:\/\/www.frelimo.org.mz\/index.php?rest_route=\/wp\/v2\/posts\/6368","targetHints":{"allow":["GET"]}}],"collection":[{"href":"https:\/\/www.frelimo.org.mz\/index.php?rest_route=\/wp\/v2\/posts"}],"about":[{"href":"https:\/\/www.frelimo.org.mz\/index.php?rest_route=\/wp\/v2\/types\/post"}],"author":[{"embeddable":true,"href":"https:\/\/www.frelimo.org.mz\/index.php?rest_route=\/wp\/v2\/users\/2"}],"replies":[{"embeddable":true,"href":"https:\/\/www.frelimo.org.mz\/index.php?rest_route=%2Fwp%2Fv2%2Fcomments&post=6368"}],"version-history":[{"count":0,"href":"https:\/\/www.frelimo.org.mz\/index.php?rest_route=\/wp\/v2\/posts\/6368\/revisions"}],"wp:featuredmedia":[{"embeddable":true,"href":"https:\/\/www.frelimo.org.mz\/index.php?rest_route=\/wp\/v2\/media\/6370"}],"wp:attachment":[{"href":"https:\/\/www.frelimo.org.mz\/index.php?rest_route=%2Fwp%2Fv2%2Fmedia&parent=6368"}],"wp:term":[{"taxonomy":"category","embeddable":true,"href":"https:\/\/www.frelimo.org.mz\/index.php?rest_route=%2Fwp%2Fv2%2Fcategories&post=6368"},{"taxonomy":"post_tag","embeddable":true,"href":"https:\/\/www.frelimo.org.mz\/index.php?rest_route=%2Fwp%2Fv2%2Ftags&post=6368"}],"curies":[{"name":"wp","href":"https:\/\/api.w.org\/{rel}","templated":true}]}}