{"id":6364,"date":"2026-03-06T11:59:11","date_gmt":"2026-03-06T09:59:11","guid":{"rendered":"https:\/\/www.frelimo.org.mz\/?p=6364"},"modified":"2026-03-06T11:59:14","modified_gmt":"2026-03-06T09:59:14","slug":"em-kibaha-chakil-aboobacar-partilha-experiencia-de-mocambique-sobre-o-dialogo-nacional-inclusivo","status":"publish","type":"post","link":"https:\/\/www.frelimo.org.mz\/?p=6364","title":{"rendered":"EM KIBAHA: CHAKIL ABOOBACAR PARTILHA EXPERI\u00caNCIA DE MO\u00c7AMBIQUE SOBRE O DI\u00c1LOGO NACIONAL INCLUSIVO"},"content":{"rendered":"\n<p>EM KIBAHA: CHAKIL ABOOBACAR PARTILHA EXPERI\u00caNCIA DE MO\u00c7AMBIQUE SOBRE O DI\u00c1LOGO NACIONAL INCLUSIVO<\/p>\n\n\n\n<p>Mo\u00e7ambique encontra-se actualmente num exerc\u00edcio colectivo de procura de solu\u00e7\u00f5es para a manuten\u00e7\u00e3o da paz, da unidade e da estabilidade do pa\u00eds, cujos resultados come\u00e7am j\u00e1 a abrir caminhos encorajadores para a implementa\u00e7\u00e3o da vis\u00e3o do actual ciclo de governa\u00e7\u00e3o. Esta vis\u00e3o assenta na conquista da independ\u00eancia econ\u00f3mica como base para assegurar a prosperidade do povo mo\u00e7ambicano, sob a lideran\u00e7a do Presidente da FRELIMO e da Rep\u00fablica, Daniel Chapo.<\/p>\n\n\n\n<p>A afirma\u00e7\u00e3o foi feita pelo Secret\u00e1rio-Geral da FRELIMO, Chakil Aboobacar, esta quinta-feira, em Dar es Salaam, na Tanz\u00e2nia, durante a Reuni\u00e3o dos Secret\u00e1rios-Gerais dos Partidos Antigos Movimentos de Liberta\u00e7\u00e3o da \u00c1frica Austral. Na ocasi\u00e3o, o dirigente partilhou, entre outros aspectos, a experi\u00eancia que Mo\u00e7ambique est\u00e1 a viver no decurso do Di\u00e1logo Nacional Inclusivo.<\/p>\n\n\n\n<p>Na sua interven\u00e7\u00e3o, Aboobacar sublinhou que o este processo constitui um espa\u00e7o aberto, no qual as for\u00e7as pol\u00edticas, a popula\u00e7\u00e3o e todos os mo\u00e7ambicanos, sem qualquer tipo de distin\u00e7\u00e3o, apresentam as suas contribui\u00e7\u00f5es para a constru\u00e7\u00e3o do pa\u00eds que todos almejam.<\/p>\n\n\n\n<p>\u201cA finalidade do di\u00e1logo, como temos reiterado, \u00e9 encontrarmos, de forma colectiva, o caminho certo para a manuten\u00e7\u00e3o da paz e da unidade entre os mo\u00e7ambicanos. \u00c9 este di\u00e1logo que est\u00e1 a permitir consolidar a estabilidade do nosso pa\u00eds e, como resultado deste exerc\u00edcio, hoje torna-se poss\u00edvel implementar as promessas eleitorais feitas pela FRELIMO e pelo Presidente Chapo\u201d, afirmou.<\/p>\n\n\n\n<p>O Secret\u00e1rio-Geral da FRELIMO destacou, igualmente, os esfor\u00e7os que o Governo, sob a lideran\u00e7a do Presidente Daniel Chapo, tem vindo a empreender para a melhoria das condi\u00e7\u00f5es de vida dos mo\u00e7ambicanos, com enfoque na valoriza\u00e7\u00e3o do distrito como p\u00f3lo de desenvolvimento, bem como na promo\u00e7\u00e3o de uma gest\u00e3o transparente e descentralizada dos recursos.<\/p>\n\n\n\n<p>\u201cAssim, a ac\u00e7\u00e3o governativa neste mandato concentra-se, essencialmente, na conquista da nossa independ\u00eancia econ\u00f3mica. No primeiro ano de mandato, o Presidente Chapo dedicou-se \u00e0 cria\u00e7\u00e3o de alicerces seguros que possam sustentar esta caminhada rumo a uma verdadeira soberania econ\u00f3mica do nosso pa\u00eds\u201d, frisou.<\/p>\n\n\n\n<p>Durante o encontro, Chakil Aboobacar reafirmou ainda o compromisso da FRELIMO em continuar a honrar os acordos de coopera\u00e7\u00e3o, amizade e solidariedade existentes com os partidos irm\u00e3os, pautando pelo trabalho conjunto e pela unidade em prol do desenvolvimento dos pa\u00edses e dos povos da regi\u00e3o.<\/p>\n\n\n\n<p>\u201cA unidade \u00e9 fundamental para o sucesso da nossa ac\u00e7\u00e3o governativa. Nada poderemos alcan\u00e7ar se n\u00e3o estivermos verdadeiramente unidos e em paz\u201d, concluiu.<\/p>\n","protected":false},"excerpt":{"rendered":"<p>EM KIBAHA: CHAKIL ABOOBACAR PARTILHA EXPERI\u00caNCIA DE MO\u00c7AMBIQUE SOBRE O DI\u00c1LOGO NACIONAL INCLUSIVO Mo\u00e7ambique encontra-se actualmente num exerc\u00edcio colectivo de procura de solu\u00e7\u00f5es para a manuten\u00e7\u00e3o da paz, da unidade e da estabilidade do pa\u00eds, cujos resultados come\u00e7am j\u00e1 a abrir caminhos encorajadores para a implementa\u00e7\u00e3o da vis\u00e3o do actual ciclo de governa\u00e7\u00e3o. Esta vis\u00e3o &hellip;<\/p>\n","protected":false},"author":2,"featured_media":6365,"comment_status":"open","ping_status":"open","sticky":false,"template":"","format":"standard","meta":{"_jetpack_memberships_contains_paid_content":false,"footnotes":""},"categories":[7],"tags":[],"class_list":["post-6364","post","type-post","status-publish","format-standard","has-post-thumbnail","hentry","category-destaques"],"jetpack_featured_media_url":"https:\/\/www.frelimo.org.mz\/wp-content\/uploads\/2026\/03\/FB_IMG_1772791010514.jpg","jetpack_sharing_enabled":true,"_links":{"self":[{"href":"https:\/\/www.frelimo.org.mz\/index.php?rest_route=\/wp\/v2\/posts\/6364","targetHints":{"allow":["GET"]}}],"collection":[{"href":"https:\/\/www.frelimo.org.mz\/index.php?rest_route=\/wp\/v2\/posts"}],"about":[{"href":"https:\/\/www.frelimo.org.mz\/index.php?rest_route=\/wp\/v2\/types\/post"}],"author":[{"embeddable":true,"href":"https:\/\/www.frelimo.org.mz\/index.php?rest_route=\/wp\/v2\/users\/2"}],"replies":[{"embeddable":true,"href":"https:\/\/www.frelimo.org.mz\/index.php?rest_route=%2Fwp%2Fv2%2Fcomments&post=6364"}],"version-history":[{"count":0,"href":"https:\/\/www.frelimo.org.mz\/index.php?rest_route=\/wp\/v2\/posts\/6364\/revisions"}],"wp:featuredmedia":[{"embeddable":true,"href":"https:\/\/www.frelimo.org.mz\/index.php?rest_route=\/wp\/v2\/media\/6365"}],"wp:attachment":[{"href":"https:\/\/www.frelimo.org.mz\/index.php?rest_route=%2Fwp%2Fv2%2Fmedia&parent=6364"}],"wp:term":[{"taxonomy":"category","embeddable":true,"href":"https:\/\/www.frelimo.org.mz\/index.php?rest_route=%2Fwp%2Fv2%2Fcategories&post=6364"},{"taxonomy":"post_tag","embeddable":true,"href":"https:\/\/www.frelimo.org.mz\/index.php?rest_route=%2Fwp%2Fv2%2Ftags&post=6364"}],"curies":[{"name":"wp","href":"https:\/\/api.w.org\/{rel}","templated":true}]}}