{"id":6358,"date":"2026-03-05T07:18:23","date_gmt":"2026-03-05T05:18:23","guid":{"rendered":"https:\/\/www.frelimo.org.mz\/?p=6358"},"modified":"2026-03-05T07:18:25","modified_gmt":"2026-03-05T05:18:25","slug":"frelimo-sempre-na-vanguarda-em-defesa-dos-interesses-da-nacao","status":"publish","type":"post","link":"https:\/\/www.frelimo.org.mz\/?p=6358","title":{"rendered":"FRELIMO sempre na vanguarda em defesa dos interesses da Na\u00e7\u00e3o"},"content":{"rendered":"\n<p><\/p>\n\n\n\n<p>Em todos os momentos da hist\u00f3ria recente em Mo\u00e7ambique, a FRELIMO sempre esteve na vanguarda da defesa dos mais altos interesses da Na\u00e7\u00e3o e o Povo Mo\u00e7ambicano, n\u00e3o obstante as v\u00e1rias tentativas de desviar as mentes duma sociedade que sempre trilhou por um caminho rumo \u00e0 constru\u00e7\u00e3o de Estado democr\u00e1tica, inclusiva, pr\u00f3spera e de justi\u00e7a social.<\/p>\n\n\n\n<p>A convic\u00e7\u00e3o \u00e9 do Presidente da FRELIMO e Presidente da Rep\u00fablica de Mo\u00e7ambique, Daniel Francisco Chapo, durante o encontro que manteve, neste domingo na cidade da Matola, com os Secretariados Nacionais e Provinciais das Organiza\u00e7\u00f5es Sociais do Partido, nomeadamente a Associa\u00e7\u00e3o dos Combatentes da Luta de Liberta\u00e7\u00e3o Nacional (ACLLN), a Organiza\u00e7\u00e3o da Mulher Mo\u00e7ambicana (OMM) e Organiza\u00e7\u00e3o da Juventude Mo\u00e7ambicana (OJM), para interac\u00e7\u00e3o visando aperfei\u00e7oar os m\u00e9todos de trabalho e refor\u00e7ar a ac\u00e7\u00e3o pol\u00edtica da FRELIMO \u00e0 todos os n\u00edveis.<br>Segundo O Presidente Chapo, a FRELIMO, como um Partido da paz, da democracia e do desenvolvimento, deve continuar a liderar os processos das transforma\u00e7\u00f5es e aberto para assumir e implementar as reformas que se mostram necess\u00e1rias, em cada fase da hist\u00f3ria colectiva.<\/p>\n\n\n\n<p>Para o Presidente, os resultados da governa\u00e7\u00e3o da FRELIMO certificam a resili\u00eancia do povo mo\u00e7ambicano e a clareza da sua vis\u00e3o na transforma\u00e7\u00e3o estrutural da economia e da sociedade, como alicerces para a prosperidade e felicidade dos cidad\u00e3os.<\/p>\n\n\n\n<p>\u201c Por isso, enquanto alguns enveredam numa pol\u00edtica do \u00f3dio e do caos, que resultam em destrui\u00e7\u00e3o de bens p\u00fablicos e privados, a FRELIMO sempre apostou no di\u00e1logo genu\u00edno, para permitir que cada mo\u00e7ambicano participe de forma construtiva na formula\u00e7\u00e3o de pol\u00edticas de desenvolvimento nacional\u201d, sublinhou o Presidente Daniel Chapo.<\/p>\n\n\n\n<p>De acordo com o Presidente do Partido, as organiza\u00e7\u00f5es sociais constituem o bra\u00e7o longo do da FRELIMO. \u201cIsso significa que \u00e9 atrav\u00e9s das organiza\u00e7\u00f5es sociais que a verdadeira ess\u00eancia da FRELIMO chega a todos os segmentos sociais\u201d.<\/p>\n","protected":false},"excerpt":{"rendered":"<p>Em todos os momentos da hist\u00f3ria recente em Mo\u00e7ambique, a FRELIMO sempre esteve na vanguarda da defesa dos mais altos interesses da Na\u00e7\u00e3o e o Povo Mo\u00e7ambicano, n\u00e3o obstante as v\u00e1rias tentativas de desviar as mentes duma sociedade que sempre trilhou por um caminho rumo \u00e0 constru\u00e7\u00e3o de Estado democr\u00e1tica, inclusiva, pr\u00f3spera e de justi\u00e7a &hellip;<\/p>\n","protected":false},"author":2,"featured_media":6359,"comment_status":"open","ping_status":"open","sticky":false,"template":"","format":"standard","meta":{"_jetpack_memberships_contains_paid_content":false,"footnotes":""},"categories":[7],"tags":[],"class_list":["post-6358","post","type-post","status-publish","format-standard","has-post-thumbnail","hentry","category-destaques"],"jetpack_featured_media_url":"https:\/\/www.frelimo.org.mz\/wp-content\/uploads\/2026\/03\/FB_IMG_1772687758324.jpg","jetpack_sharing_enabled":true,"_links":{"self":[{"href":"https:\/\/www.frelimo.org.mz\/index.php?rest_route=\/wp\/v2\/posts\/6358","targetHints":{"allow":["GET"]}}],"collection":[{"href":"https:\/\/www.frelimo.org.mz\/index.php?rest_route=\/wp\/v2\/posts"}],"about":[{"href":"https:\/\/www.frelimo.org.mz\/index.php?rest_route=\/wp\/v2\/types\/post"}],"author":[{"embeddable":true,"href":"https:\/\/www.frelimo.org.mz\/index.php?rest_route=\/wp\/v2\/users\/2"}],"replies":[{"embeddable":true,"href":"https:\/\/www.frelimo.org.mz\/index.php?rest_route=%2Fwp%2Fv2%2Fcomments&post=6358"}],"version-history":[{"count":0,"href":"https:\/\/www.frelimo.org.mz\/index.php?rest_route=\/wp\/v2\/posts\/6358\/revisions"}],"wp:featuredmedia":[{"embeddable":true,"href":"https:\/\/www.frelimo.org.mz\/index.php?rest_route=\/wp\/v2\/media\/6359"}],"wp:attachment":[{"href":"https:\/\/www.frelimo.org.mz\/index.php?rest_route=%2Fwp%2Fv2%2Fmedia&parent=6358"}],"wp:term":[{"taxonomy":"category","embeddable":true,"href":"https:\/\/www.frelimo.org.mz\/index.php?rest_route=%2Fwp%2Fv2%2Fcategories&post=6358"},{"taxonomy":"post_tag","embeddable":true,"href":"https:\/\/www.frelimo.org.mz\/index.php?rest_route=%2Fwp%2Fv2%2Ftags&post=6358"}],"curies":[{"name":"wp","href":"https:\/\/api.w.org\/{rel}","templated":true}]}}