{"id":6354,"date":"2026-03-05T07:15:16","date_gmt":"2026-03-05T05:15:16","guid":{"rendered":"https:\/\/www.frelimo.org.mz\/?p=6354"},"modified":"2026-03-05T07:15:18","modified_gmt":"2026-03-05T05:15:18","slug":"sg-da-frelimo-assume-a-presidencia-do-conselho-de-curadores-da-escola-de-lideranca-mwalimu-julius-nyerere","status":"publish","type":"post","link":"https:\/\/www.frelimo.org.mz\/?p=6354","title":{"rendered":"SG DA FRELIMO ASSUME A PRESID\u00caNCIA DO CONSELHO DE CURADORES DA ESCOLA DE LIDERAN\u00c7A MWALIMU JULIUS NYERERE"},"content":{"rendered":"\n<p>SG DA FRELIMO ASSUME A PRESID\u00caNCIA DO CONSELHO DE CURADORES DA ESCOLA DE LIDERAN\u00c7A MWALIMU JULIUS NYERERE<\/p>\n\n\n\n<p>O Secret\u00e1rio-Geral da FRELIMO, Chakil Aboobacar, assumiu, esta quarta-feira, em Dar es Salaam, na Rep\u00fablica Unida da Tanz\u00e2nia, a presid\u00eancia rotativa do Conselho de Curadores da Escola de Lideran\u00e7a Mwalimu Julius Nyerere, para um mandato de um ano, substituindo no cargo a Secret\u00e1ria-Geral do Chama Cha Mapinduzi (CCM), Asha-Rose Migiro.<\/p>\n\n\n\n<p>O acto de tomada de posse e a respectiva passagem de pastas decorreram no quadro da Reuni\u00e3o Ordin\u00e1ria do Conselho de Curadores (composto pelos Secret\u00e1rios-Gerais), \u00f3rg\u00e3o m\u00e1ximo desta institui\u00e7\u00e3o de elevado simbolismo hist\u00f3rico. O encontro antecedeu a Reuni\u00e3o dos Secret\u00e1rios-Gerais dos Partidos Antigos Movimentos de Liberta\u00e7\u00e3o da \u00c1frica Austral, agendada para esta quinta-feira.<\/p>\n\n\n\n<p>Na ocasi\u00e3o, Chakil Aboobacar qualificou o momento como emblem\u00e1tico e revestido de grande responsabilidade, salientando o trabalho feito pela anterior Presidente e assumindo o compromisso de dar continuidade \u00e0 miss\u00e3o em benef\u00edcio comum.<\/p>\n\n\n\n<p>\u201cN\u00f3s teremos a responsabilidade de prosseguir este trabalho a partir de uma posi\u00e7\u00e3o geograficamente mais distante, mas continuaremos a contar com o apoio do Conselho Directivo e da Direc\u00e7\u00e3o da Escola, para que, em conjunto, possamos honrar os compromissos assumidos e elevar a Escola ao patamar que todos almejamos\u201d, afirmou.<\/p>\n\n\n\n<p>O Secret\u00e1rio-Geral da FRELIMO assegurou que tudo far\u00e1 para garantir a plena materializa\u00e7\u00e3o dos objectivos que presidiram \u00e0 cria\u00e7\u00e3o da Escola, proporcionando aos Partidos irm\u00e3os um espa\u00e7o privilegiado para a forma\u00e7\u00e3o e prepara\u00e7\u00e3o dos seus quadros, um desiderato que constitui um dos maiores desafios das forma\u00e7\u00f5es pol\u00edticas na actualidade.<\/p>\n\n\n\n<p>\u201cTodos os partidos aqui representados t\u00eam a responsabilidade de governar nos respectivos pa\u00edses&#8221;, sublinhou Aboobacar, acrescentando que as escolas partid\u00e1rias devem assumir um papel determinante na prepara\u00e7\u00e3o das novas gera\u00e7\u00f5es, assegurando, simultaneamente, que os dirigentes actuais permane\u00e7am firmes nos ideais que nortearam a luta pela independ\u00eancia.<\/p>\n\n\n\n<p>\u201cAssumimos esta tarefa conscientes da magnitude dos desafios, mas convictos de que, tal como no passado, saberemos caminhar juntos e vencer esta etapa. Unidos, continuaremos a construir os nossos pa\u00edses rumo \u00e0 prosperidade que os nossos povos almejam. Agrade\u00e7o, por isso, a honra que me \u00e9 concedida ao dirigir esta importante inst\u00e2ncia\u201d, refor\u00e7ou.<\/p>\n\n\n\n<p>Por sua vez, a Presidente cessante e Secret\u00e1ria Geral do CCM, Asha-Rose Migiro, destacou o papel da Escola como centro estrat\u00e9gico de forma\u00e7\u00e3o e capacita\u00e7\u00e3o de quadros, bem como de fortalecimento institucional dos partidos, sublinhando que a institui\u00e7\u00e3o constitui igualmente um espa\u00e7o privilegiado para a defini\u00e7\u00e3o de estrat\u00e9gias e a inova\u00e7\u00e3o de respostas face aos desafios contempor\u00e2neos.<\/p>\n\n\n\n<figure class=\"wp-block-image size-large\"><img loading=\"lazy\" decoding=\"async\" width=\"1024\" height=\"768\" src=\"https:\/\/www.frelimo.org.mz\/wp-content\/uploads\/2026\/03\/FB_IMG_1772687241429-1024x768.jpg\" alt=\"\" class=\"wp-image-6355\" srcset=\"https:\/\/www.frelimo.org.mz\/wp-content\/uploads\/2026\/03\/FB_IMG_1772687241429-1024x768.jpg 1024w, https:\/\/www.frelimo.org.mz\/wp-content\/uploads\/2026\/03\/FB_IMG_1772687241429-300x225.jpg 300w, https:\/\/www.frelimo.org.mz\/wp-content\/uploads\/2026\/03\/FB_IMG_1772687241429-768x576.jpg 768w, https:\/\/www.frelimo.org.mz\/wp-content\/uploads\/2026\/03\/FB_IMG_1772687241429.jpg 1440w\" sizes=\"auto, (max-width: 1024px) 100vw, 1024px\" \/><\/figure>\n\n\n","protected":false},"excerpt":{"rendered":"<p>SG DA FRELIMO ASSUME A PRESID\u00caNCIA DO CONSELHO DE CURADORES DA ESCOLA DE LIDERAN\u00c7A MWALIMU JULIUS NYERERE O Secret\u00e1rio-Geral da FRELIMO, Chakil Aboobacar, assumiu, esta quarta-feira, em Dar es Salaam, na Rep\u00fablica Unida da Tanz\u00e2nia, a presid\u00eancia rotativa do Conselho de Curadores da Escola de Lideran\u00e7a Mwalimu Julius Nyerere, para um mandato de um ano, &hellip;<\/p>\n","protected":false},"author":2,"featured_media":6356,"comment_status":"open","ping_status":"open","sticky":false,"template":"","format":"standard","meta":{"_jetpack_memberships_contains_paid_content":false,"footnotes":""},"categories":[7],"tags":[],"class_list":["post-6354","post","type-post","status-publish","format-standard","has-post-thumbnail","hentry","category-destaques"],"jetpack_featured_media_url":"https:\/\/www.frelimo.org.mz\/wp-content\/uploads\/2026\/03\/FB_IMG_1772687250616.jpg","jetpack_sharing_enabled":true,"_links":{"self":[{"href":"https:\/\/www.frelimo.org.mz\/index.php?rest_route=\/wp\/v2\/posts\/6354","targetHints":{"allow":["GET"]}}],"collection":[{"href":"https:\/\/www.frelimo.org.mz\/index.php?rest_route=\/wp\/v2\/posts"}],"about":[{"href":"https:\/\/www.frelimo.org.mz\/index.php?rest_route=\/wp\/v2\/types\/post"}],"author":[{"embeddable":true,"href":"https:\/\/www.frelimo.org.mz\/index.php?rest_route=\/wp\/v2\/users\/2"}],"replies":[{"embeddable":true,"href":"https:\/\/www.frelimo.org.mz\/index.php?rest_route=%2Fwp%2Fv2%2Fcomments&post=6354"}],"version-history":[{"count":0,"href":"https:\/\/www.frelimo.org.mz\/index.php?rest_route=\/wp\/v2\/posts\/6354\/revisions"}],"wp:featuredmedia":[{"embeddable":true,"href":"https:\/\/www.frelimo.org.mz\/index.php?rest_route=\/wp\/v2\/media\/6356"}],"wp:attachment":[{"href":"https:\/\/www.frelimo.org.mz\/index.php?rest_route=%2Fwp%2Fv2%2Fmedia&parent=6354"}],"wp:term":[{"taxonomy":"category","embeddable":true,"href":"https:\/\/www.frelimo.org.mz\/index.php?rest_route=%2Fwp%2Fv2%2Fcategories&post=6354"},{"taxonomy":"post_tag","embeddable":true,"href":"https:\/\/www.frelimo.org.mz\/index.php?rest_route=%2Fwp%2Fv2%2Ftags&post=6354"}],"curies":[{"name":"wp","href":"https:\/\/api.w.org\/{rel}","templated":true}]}}