{"id":6272,"date":"2026-01-29T01:46:59","date_gmt":"2026-01-28T23:46:59","guid":{"rendered":"https:\/\/www.frelimo.org.mz\/?p=6272"},"modified":"2026-01-29T01:47:02","modified_gmt":"2026-01-28T23:47:02","slug":"comissao-politica-da-frelimo-analisa-situacao-do-pais","status":"publish","type":"post","link":"https:\/\/www.frelimo.org.mz\/?p=6272","title":{"rendered":"COMISS\u00c3O POL\u00cdTICA DA FRELIMO ANALISA SITUA\u00c7\u00c3O DO PA\u00cdS"},"content":{"rendered":"\n<p><\/p>\n\n\n\n<p>Sob a direc\u00e7\u00e3o do Camarada Daniel Francisco Chapo, Presidente da FRELIMO e Presidente da Rep\u00fablica de Mo\u00e7ambique, realizou-se no dia 28 de Janeiro de 2026, na Sede Nacional do Partido, a 62.\u00aa Sess\u00e3o Ordin\u00e1ria da Comiss\u00e3o Pol\u00edtica, dedicada \u00e0 an\u00e1lise da situa\u00e7\u00e3o pol\u00edtica, econ\u00f3mica e s\u00f3cio-cultural do pa\u00eds, bem como ao funcionamento interno do Partido.<\/p>\n\n\n\n<p>\u00c9poca Chuvosa 2025\/2026<\/p>\n\n\n\n<p>A Comiss\u00e3o Pol\u00edtica enalteceu a pronta actua\u00e7\u00e3o do Governo ao activar o alerta vermelho em todo o territ\u00f3rio nacional, destacando a coordena\u00e7\u00e3o eficaz da resposta \u00e0s cheias e inunda\u00e7\u00f5es, o pr\u00e9-posicionamento de meios, a retirada de popula\u00e7\u00f5es das zonas de risco e a assist\u00eancia humanit\u00e1ria imediata \u00e0s fam\u00edlias afectadas. Foi igualmente valorizada a cria\u00e7\u00e3o da Sala de Monitoria de Opera\u00e7\u00f5es de Emerg\u00eancia na Presid\u00eancia da Rep\u00fablica e a solidariedade demonstrada pelo povo mo\u00e7ambicano e pela comunidade internacional.<\/p>\n\n\n\n<p>Trabalho Pol\u00edtico e Organiza\u00e7\u00e3o do Partido<\/p>\n\n\n\n<p>A Comiss\u00e3o Pol\u00edtica convocou a V Sess\u00e3o Ordin\u00e1ria do Comit\u00e9 Central da FRELIMO, a realizar-se de 2 a 5 de Abril de 2026, na Matola, com foco na governa\u00e7\u00e3o e organiza\u00e7\u00e3o interna, tendo em vista a 11.\u00aa Confer\u00eancia Nacional de Quadros, agendada para Agosto, em Chimoio, Prov\u00edncia de Manica. A Comiss\u00e3o Pol\u00edtica saudou ainda o trabalho das Brigadas Centrais e das Organiza\u00e7\u00f5es Sociais.<br>O \u00f3rg\u00e3o reiterou sentimentos de pesar pelo falecimento dos camaradas Lu\u00edsa Dias Diogo, antiga Membro da Comiss\u00e3o e Primeira-Ministra, e Artur Nanlicha Muchopa, Primeiro-Secret\u00e1rio do Partido no Niassa.<br>A Comiss\u00e3o Pol\u00edtica designou Gon\u00e7alves Jo\u00e3o Jemusse, Secret\u00e1rio do Comit\u00e9 Central para Mobiliza\u00e7\u00e3o, Trabalho Ideol\u00f3gico e Organiza\u00e7\u00f5es Sociais, para ocupar o cargo de Primeiro-Secret\u00e1rio no Niassa de forma interina at\u00e9 \u00e0 elei\u00e7\u00e3o do novo dirigente.<\/p>\n\n\n\n<p>Ac\u00e7\u00e3o Governativa<\/p>\n\n\n\n<p>Foi destacada a realiza\u00e7\u00e3o do Conselho de Ministros em Xai-Xai, os esfor\u00e7os em curso para a reposi\u00e7\u00e3o da Estrada Nacional n.\u00ba 1, o adiamento do in\u00edcio do ano lectivo para 27 de Fevereiro de 2026, devido aos danos causados pelas chuvas, e as medidas adoptadas para garantir vias alternativas de transporte \u00e0s popula\u00e7\u00f5es sitiadas. A popula\u00e7\u00e3o \u00e9 instada a abandonar as zonas de risco no contexto dos alertas das autoridades governamentais.<\/p>\n\n\n\n<p>For\u00e7as de Defesa e Seguran\u00e7a<\/p>\n\n\n\n<p>A Comiss\u00e3o Pol\u00edtica reconheceu o empenho das For\u00e7as de Defesa e Seguran\u00e7a nas opera\u00e7\u00f5es de busca e salvamento, na manuten\u00e7\u00e3o da ordem p\u00fablica e no combate ao terrorismo, em defesa da soberania nacional.<br>FRELIMO reafirma o seu compromisso com a unidade nacional, a paz e o desenvolvimento de Mo\u00e7ambique.<\/p>\n\n\n\n<p>FRELIMO, A FOR\u00c7A DA MUDAN\u00c7A!<br>60 anos consolidando a unidade nacional, promovendo a paz e o desenvolvimento.<\/p>\n\n\n\n<div data-wp-interactive=\"core\/file\" class=\"wp-block-file\"><object data-wp-bind--hidden=\"!state.hasPdfPreview\" hidden class=\"wp-block-file__embed\" data=\"https:\/\/www.frelimo.org.mz\/wp-content\/uploads\/2026\/01\/COMISSA\u0303O-POLI\u0301TICA-28126.pdf\" type=\"application\/pdf\" style=\"width:100%;height:600px\" aria-label=\"Incorpora\u00e7\u00e3o de COMISSA\u0303O POLI\u0301TICA 28126.\"><\/object><a id=\"wp-block-file--media-e7ffcb47-8b35-4a31-aa3d-7a553b0dd25a\" href=\"https:\/\/www.frelimo.org.mz\/wp-content\/uploads\/2026\/01\/COMISSA\u0303O-POLI\u0301TICA-28126.pdf\">COMISSA\u0303O POLI\u0301TICA 28126<\/a><a href=\"https:\/\/www.frelimo.org.mz\/wp-content\/uploads\/2026\/01\/COMISSA\u0303O-POLI\u0301TICA-28126.pdf\" class=\"wp-block-file__button wp-element-button\" download aria-describedby=\"wp-block-file--media-e7ffcb47-8b35-4a31-aa3d-7a553b0dd25a\">Descarregar<\/a><\/div>\n\n\n\n<p><\/p>\n","protected":false},"excerpt":{"rendered":"<p>Sob a direc\u00e7\u00e3o do Camarada Daniel Francisco Chapo, Presidente da FRELIMO e Presidente da Rep\u00fablica de Mo\u00e7ambique, realizou-se no dia 28 de Janeiro de 2026, na Sede Nacional do Partido, a 62.\u00aa Sess\u00e3o Ordin\u00e1ria da Comiss\u00e3o Pol\u00edtica, dedicada \u00e0 an\u00e1lise da situa\u00e7\u00e3o pol\u00edtica, econ\u00f3mica e s\u00f3cio-cultural do pa\u00eds, bem como ao funcionamento interno do Partido. &hellip;<\/p>\n","protected":false},"author":2,"featured_media":6274,"comment_status":"open","ping_status":"open","sticky":false,"template":"","format":"standard","meta":{"_jetpack_memberships_contains_paid_content":false,"footnotes":""},"categories":[7],"tags":[],"class_list":["post-6272","post","type-post","status-publish","format-standard","has-post-thumbnail","hentry","category-destaques"],"jetpack_featured_media_url":"https:\/\/www.frelimo.org.mz\/wp-content\/uploads\/2026\/01\/FB_IMG_1769655786310.jpg","jetpack_sharing_enabled":true,"_links":{"self":[{"href":"https:\/\/www.frelimo.org.mz\/index.php?rest_route=\/wp\/v2\/posts\/6272","targetHints":{"allow":["GET"]}}],"collection":[{"href":"https:\/\/www.frelimo.org.mz\/index.php?rest_route=\/wp\/v2\/posts"}],"about":[{"href":"https:\/\/www.frelimo.org.mz\/index.php?rest_route=\/wp\/v2\/types\/post"}],"author":[{"embeddable":true,"href":"https:\/\/www.frelimo.org.mz\/index.php?rest_route=\/wp\/v2\/users\/2"}],"replies":[{"embeddable":true,"href":"https:\/\/www.frelimo.org.mz\/index.php?rest_route=%2Fwp%2Fv2%2Fcomments&post=6272"}],"version-history":[{"count":0,"href":"https:\/\/www.frelimo.org.mz\/index.php?rest_route=\/wp\/v2\/posts\/6272\/revisions"}],"wp:featuredmedia":[{"embeddable":true,"href":"https:\/\/www.frelimo.org.mz\/index.php?rest_route=\/wp\/v2\/media\/6274"}],"wp:attachment":[{"href":"https:\/\/www.frelimo.org.mz\/index.php?rest_route=%2Fwp%2Fv2%2Fmedia&parent=6272"}],"wp:term":[{"taxonomy":"category","embeddable":true,"href":"https:\/\/www.frelimo.org.mz\/index.php?rest_route=%2Fwp%2Fv2%2Fcategories&post=6272"},{"taxonomy":"post_tag","embeddable":true,"href":"https:\/\/www.frelimo.org.mz\/index.php?rest_route=%2Fwp%2Fv2%2Ftags&post=6272"}],"curies":[{"name":"wp","href":"https:\/\/api.w.org\/{rel}","templated":true}]}}