{"id":6251,"date":"2026-01-21T21:38:25","date_gmt":"2026-01-21T19:38:25","guid":{"rendered":"https:\/\/www.frelimo.org.mz\/?p=6251"},"modified":"2026-01-21T21:38:27","modified_gmt":"2026-01-21T19:38:27","slug":"sg-da-frelimo-visita-presidente-guebuza-em-homenagem-pelo-seu-83-o-aniversario","status":"publish","type":"post","link":"https:\/\/www.frelimo.org.mz\/?p=6251","title":{"rendered":"SG DA FRELIMO VISITA PRESIDENTE GUEBUZA EM HOMENAGEM PELO SEU 83.\u00ba ANIVERS\u00c1RIO"},"content":{"rendered":"\n<p>O Secret\u00e1rio-Geral da FRELIMO, Chakil Aboobacar, efectuou nesta quarta-feira, uma visita de cortesia ao Presidente Honor\u00e1rio do Partido e Antigo Presidente da Rep\u00fablica, Armando Em\u00edlio Guebuza, num gesto de reconhecimento e homenagem pela passagem do seu 83.\u00ba anivers\u00e1rio natal\u00edcio, assinalado na \u00faltima ter\u00e7a-feira, 20 de Janeiro.<\/p>\n\n\n\n<p>Na ocasi\u00e3o, Chakil Aboobacar transmitiu, em nome do Presidente da FRELIMO e Presidente da Rep\u00fablica, Daniel Chapo, da Comiss\u00e3o Pol\u00edtica, do Secretariado do Comit\u00e9 Central, bem como dos membros e simpatizantes do Partido, as mais calorosas felicita\u00e7\u00f5es ao Presidente Guebuza, sublinhando o seu papel determinante na constru\u00e7\u00e3o da Na\u00e7\u00e3o mo\u00e7ambicana.<\/p>\n\n\n\n<p>O Secret\u00e1rio-Geral da FRELIMO reiterou que o Presidente Armando Guebuza constitui um exemplo de dedica\u00e7\u00e3o, patriotismo, firmeza e princ\u00edpios, com um percurso pol\u00edtico que orgulha cada mo\u00e7ambicano, sendo fonte de inspira\u00e7\u00e3o para o fortalecimento da unidade nacional e para a cont\u00ednua luta pela independ\u00eancia econ\u00f3mica.<\/p>\n\n\n\n<p>Por seu turno, o Presidente Guebuza agradeceu o gesto e as felicita\u00e7\u00f5es recebidas, manifestando a sua solidariedade para com as fam\u00edlias afectadas pelas cheias e inunda\u00e7\u00f5es que assolam diversas regi\u00f5es do pa\u00eds, com particular incid\u00eancia no Sul.<\/p>\n","protected":false},"excerpt":{"rendered":"<p>O Secret\u00e1rio-Geral da FRELIMO, Chakil Aboobacar, efectuou nesta quarta-feira, uma visita de cortesia ao Presidente Honor\u00e1rio do Partido e Antigo Presidente da Rep\u00fablica, Armando Em\u00edlio Guebuza, num gesto de reconhecimento e homenagem pela passagem do seu 83.\u00ba anivers\u00e1rio natal\u00edcio, assinalado na \u00faltima ter\u00e7a-feira, 20 de Janeiro. Na ocasi\u00e3o, Chakil Aboobacar transmitiu, em nome do Presidente &hellip;<\/p>\n","protected":false},"author":2,"featured_media":6252,"comment_status":"open","ping_status":"open","sticky":false,"template":"","format":"standard","meta":{"_jetpack_memberships_contains_paid_content":false,"footnotes":""},"categories":[7],"tags":[],"class_list":["post-6251","post","type-post","status-publish","format-standard","has-post-thumbnail","hentry","category-destaques"],"jetpack_featured_media_url":"https:\/\/www.frelimo.org.mz\/wp-content\/uploads\/2026\/01\/IMG-20260122-WA0007.jpg","jetpack_sharing_enabled":true,"_links":{"self":[{"href":"https:\/\/www.frelimo.org.mz\/index.php?rest_route=\/wp\/v2\/posts\/6251","targetHints":{"allow":["GET"]}}],"collection":[{"href":"https:\/\/www.frelimo.org.mz\/index.php?rest_route=\/wp\/v2\/posts"}],"about":[{"href":"https:\/\/www.frelimo.org.mz\/index.php?rest_route=\/wp\/v2\/types\/post"}],"author":[{"embeddable":true,"href":"https:\/\/www.frelimo.org.mz\/index.php?rest_route=\/wp\/v2\/users\/2"}],"replies":[{"embeddable":true,"href":"https:\/\/www.frelimo.org.mz\/index.php?rest_route=%2Fwp%2Fv2%2Fcomments&post=6251"}],"version-history":[{"count":0,"href":"https:\/\/www.frelimo.org.mz\/index.php?rest_route=\/wp\/v2\/posts\/6251\/revisions"}],"wp:featuredmedia":[{"embeddable":true,"href":"https:\/\/www.frelimo.org.mz\/index.php?rest_route=\/wp\/v2\/media\/6252"}],"wp:attachment":[{"href":"https:\/\/www.frelimo.org.mz\/index.php?rest_route=%2Fwp%2Fv2%2Fmedia&parent=6251"}],"wp:term":[{"taxonomy":"category","embeddable":true,"href":"https:\/\/www.frelimo.org.mz\/index.php?rest_route=%2Fwp%2Fv2%2Fcategories&post=6251"},{"taxonomy":"post_tag","embeddable":true,"href":"https:\/\/www.frelimo.org.mz\/index.php?rest_route=%2Fwp%2Fv2%2Ftags&post=6251"}],"curies":[{"name":"wp","href":"https:\/\/api.w.org\/{rel}","templated":true}]}}