{"id":6241,"date":"2026-01-20T11:28:59","date_gmt":"2026-01-20T09:28:59","guid":{"rendered":"https:\/\/www.frelimo.org.mz\/?p=6241"},"modified":"2026-01-20T11:29:01","modified_gmt":"2026-01-20T09:29:01","slug":"14o-congresso-nacional-pcv-abre-uma-nova-para-desenvolvimento","status":"publish","type":"post","link":"https:\/\/www.frelimo.org.mz\/?p=6241","title":{"rendered":"14\u00ba Congresso Nacional PCV abre uma nova para desenvolvimento"},"content":{"rendered":"\n<p><br>O Primeiro Secret\u00e1rio do Partido Comunista do Vietnam (PCV), na Cidade de Hanoi, Nguyen Duy Ng\u1ecdc, disse nesta Ter\u00e7a-feira, que o 14\u00ba Congresso Nacional do Partido, que decorre desde o dia 19 at\u00e9 25 de Janeiro corrente, na capital vietnamita, n\u00e3o se resume somente num evento pol\u00edtico importante para o pa\u00eds, mas, do mesmo modo, um acontecimento fundamental, que abre uma nova era para o desenvolvimento.<br>Nguyen Duy Ng\u1ecdc, que falava na sess\u00e3o da abertura desta distinta reuni\u00e3o do PCV, vincou que as aspira\u00e7\u00f5es da Na\u00e7\u00e3o est\u00e3o focadas em atingir compatibilidade com as grandes pot\u00eancias ao n\u00edvel dos cinco continentes, atrav\u00e9s da adop\u00e7\u00e3o de uma vis\u00e3o estrat\u00e9gica e ac\u00e7\u00f5es concretas, com o objectivo comum de servir o povo.<br>\u201cO nosso objectivo \u00e9 cumprir com aspira\u00e7\u00e3o de tornar Vietname numa Na\u00e7\u00e3o cada vez mais pr\u00f3spera at\u00e9 2045. Este evento disp\u00f5e ao pa\u00eds um novo caminho para o desenvolvimento, com maior prest\u00edgio, posi\u00e7\u00e3o e ambi\u00e7\u00e3o\u201d, sublinhou o Primeiro Secret\u00e1rio do PCV, na Cidade de Hanoi.<br>Segundo Nguyen Duy Ng\u1ecdc, todos os aspectos est\u00e3o assegurados de modo a garantir que o Congresso decorra num ambiente de festa, uni\u00e3o e cordialidade entre os participantes. O Timoneiro do PCV em Hanoi disse ainda que desde i in\u00edcio do presente ano a cidade implementou de forma proactiva, as pol\u00edticas-chave, no \u00e2mbito do cumprimento das orientadoras do Comit\u00e9 Central do Partido.<br>De referir que o 14\u00ba Congresso Nacional PCV, que se realiza sob o \u201cSolidariedade \u2013 Democracia \u2013 Disciplina \u2013 Avan\u00e7o \u2013 Desenvolvimento\u201d, conta com a presen\u00e7a de 1.586 delegados, em representa\u00e7\u00e3o de mais de 5,6 milh\u00f5es de membros do Partido em todo o pa\u00eds, reunido no Centro Nacional de Conven\u00e7\u00f5es na capital do Pa\u00eds.<\/p>\n","protected":false},"excerpt":{"rendered":"<p>O Primeiro Secret\u00e1rio do Partido Comunista do Vietnam (PCV), na Cidade de Hanoi, Nguyen Duy Ng\u1ecdc, disse nesta Ter\u00e7a-feira, que o 14\u00ba Congresso Nacional do Partido, que decorre desde o dia 19 at\u00e9 25 de Janeiro corrente, na capital vietnamita, n\u00e3o se resume somente num evento pol\u00edtico importante para o pa\u00eds, mas, do mesmo modo, &hellip;<\/p>\n","protected":false},"author":2,"featured_media":6242,"comment_status":"open","ping_status":"open","sticky":false,"template":"","format":"standard","meta":{"_jetpack_memberships_contains_paid_content":false,"footnotes":""},"categories":[5],"tags":[],"class_list":["post-6241","post","type-post","status-publish","format-standard","has-post-thumbnail","hentry","category-noticias"],"jetpack_featured_media_url":"https:\/\/www.frelimo.org.mz\/wp-content\/uploads\/2026\/01\/IMG-20260120-WA0046.jpg","jetpack_sharing_enabled":true,"_links":{"self":[{"href":"https:\/\/www.frelimo.org.mz\/index.php?rest_route=\/wp\/v2\/posts\/6241","targetHints":{"allow":["GET"]}}],"collection":[{"href":"https:\/\/www.frelimo.org.mz\/index.php?rest_route=\/wp\/v2\/posts"}],"about":[{"href":"https:\/\/www.frelimo.org.mz\/index.php?rest_route=\/wp\/v2\/types\/post"}],"author":[{"embeddable":true,"href":"https:\/\/www.frelimo.org.mz\/index.php?rest_route=\/wp\/v2\/users\/2"}],"replies":[{"embeddable":true,"href":"https:\/\/www.frelimo.org.mz\/index.php?rest_route=%2Fwp%2Fv2%2Fcomments&post=6241"}],"version-history":[{"count":0,"href":"https:\/\/www.frelimo.org.mz\/index.php?rest_route=\/wp\/v2\/posts\/6241\/revisions"}],"wp:featuredmedia":[{"embeddable":true,"href":"https:\/\/www.frelimo.org.mz\/index.php?rest_route=\/wp\/v2\/media\/6242"}],"wp:attachment":[{"href":"https:\/\/www.frelimo.org.mz\/index.php?rest_route=%2Fwp%2Fv2%2Fmedia&parent=6241"}],"wp:term":[{"taxonomy":"category","embeddable":true,"href":"https:\/\/www.frelimo.org.mz\/index.php?rest_route=%2Fwp%2Fv2%2Fcategories&post=6241"},{"taxonomy":"post_tag","embeddable":true,"href":"https:\/\/www.frelimo.org.mz\/index.php?rest_route=%2Fwp%2Fv2%2Ftags&post=6241"}],"curies":[{"name":"wp","href":"https:\/\/api.w.org\/{rel}","templated":true}]}}