{"id":6237,"date":"2026-01-20T00:04:41","date_gmt":"2026-01-19T22:04:41","guid":{"rendered":"https:\/\/www.frelimo.org.mz\/?p=6237"},"modified":"2026-01-20T00:04:43","modified_gmt":"2026-01-19T22:04:43","slug":"assistencia-as-vitimas-de-inundacoes-na-escola-central-da-frelimo-nao-olha-cores-partidarias","status":"publish","type":"post","link":"https:\/\/www.frelimo.org.mz\/?p=6237","title":{"rendered":"ASSIST\u00caNCIA \u00c0S V\u00cdTIMAS DE INUNDA\u00c7\u00d5ES NA ESCOLA CENTRAL DA FRELIMO N\u00c3O OLHA CORES PARTID\u00c1RIAS"},"content":{"rendered":"\n<p><\/p>\n\n\n\n<p>O Secret\u00e1rio-Geral da FRELIMO, Chakil Aboobacar, apelou, esta Segunda-feira, a que a assist\u00eancia \u00e0s v\u00edtimas de inunda\u00e7\u00f5es e cheias no pa\u00eds n\u00e3o se deve, em momento algum, basear em cores partid\u00e1rias. Por isso, o Centro de acolhimento instalado na Escola Central do Partido, na Matola, est\u00e1 aberto a todos os afectados, independentemente das suas op\u00e7\u00f5es pol\u00edticas.<\/p>\n\n\n\n<p>Chakil Aboobacar, que falava na Escola Central da FRELIMO, explicou que as autoridades locais est\u00e3o orientadas para albergarem, nesta institui\u00e7\u00e3o do Partido, todas as pessoas necessitadas, garantindo um tratamento igual e humano para todos.<\/p>\n\n\n\n<p>\u201cA Escola tem capacidade para receber cerca de 300 pessoas; contudo, h\u00e1 espa\u00e7o dispon\u00edvel em tendas que poder\u00e1 acolher mais cidad\u00e3os\u201d, indicou o Secret\u00e1rio-Geral, acrescentando que toda a log\u00edstica no local, incluindo refei\u00e7\u00f5es, cobertores, materiais de higiene pessoal e assist\u00eancia m\u00e9dica, ser\u00e1 garantida pelo Partido.<\/p>\n\n\n\n<p>Na ocasi\u00e3o, o dirigente refor\u00e7ou o apelo \u00e0s popula\u00e7\u00f5es para que abandonem as zonas de risco, reiterando a mensagem do Presidente do Partido e Presidente da Rep\u00fablica, Daniel Chapo, segundo a qual a vida deve ser considerada sempre como prioridade.<\/p>\n\n\n\n<p>\u201cComo FRELIMO, estamos solid\u00e1rios com a situa\u00e7\u00e3o que o nosso povo enfrenta. \u00c9 um momento para reflectirmos sobre o trabalho colectivo que devemos realizar para tornar as nossas cidades seguras e evitar a vulnerabilidade a que o nosso povo est\u00e1 exposto\u201d, sublinhou.<\/p>\n","protected":false},"excerpt":{"rendered":"<p>O Secret\u00e1rio-Geral da FRELIMO, Chakil Aboobacar, apelou, esta Segunda-feira, a que a assist\u00eancia \u00e0s v\u00edtimas de inunda\u00e7\u00f5es e cheias no pa\u00eds n\u00e3o se deve, em momento algum, basear em cores partid\u00e1rias. Por isso, o Centro de acolhimento instalado na Escola Central do Partido, na Matola, est\u00e1 aberto a todos os afectados, independentemente das suas op\u00e7\u00f5es &hellip;<\/p>\n","protected":false},"author":2,"featured_media":6238,"comment_status":"open","ping_status":"open","sticky":false,"template":"","format":"standard","meta":{"_jetpack_memberships_contains_paid_content":false,"footnotes":""},"categories":[7],"tags":[],"class_list":["post-6237","post","type-post","status-publish","format-standard","has-post-thumbnail","hentry","category-destaques"],"jetpack_featured_media_url":"https:\/\/www.frelimo.org.mz\/wp-content\/uploads\/2026\/01\/FB_IMG_1768860117090.jpg","jetpack_sharing_enabled":true,"_links":{"self":[{"href":"https:\/\/www.frelimo.org.mz\/index.php?rest_route=\/wp\/v2\/posts\/6237","targetHints":{"allow":["GET"]}}],"collection":[{"href":"https:\/\/www.frelimo.org.mz\/index.php?rest_route=\/wp\/v2\/posts"}],"about":[{"href":"https:\/\/www.frelimo.org.mz\/index.php?rest_route=\/wp\/v2\/types\/post"}],"author":[{"embeddable":true,"href":"https:\/\/www.frelimo.org.mz\/index.php?rest_route=\/wp\/v2\/users\/2"}],"replies":[{"embeddable":true,"href":"https:\/\/www.frelimo.org.mz\/index.php?rest_route=%2Fwp%2Fv2%2Fcomments&post=6237"}],"version-history":[{"count":1,"href":"https:\/\/www.frelimo.org.mz\/index.php?rest_route=\/wp\/v2\/posts\/6237\/revisions"}],"predecessor-version":[{"id":6239,"href":"https:\/\/www.frelimo.org.mz\/index.php?rest_route=\/wp\/v2\/posts\/6237\/revisions\/6239"}],"wp:featuredmedia":[{"embeddable":true,"href":"https:\/\/www.frelimo.org.mz\/index.php?rest_route=\/wp\/v2\/media\/6238"}],"wp:attachment":[{"href":"https:\/\/www.frelimo.org.mz\/index.php?rest_route=%2Fwp%2Fv2%2Fmedia&parent=6237"}],"wp:term":[{"taxonomy":"category","embeddable":true,"href":"https:\/\/www.frelimo.org.mz\/index.php?rest_route=%2Fwp%2Fv2%2Fcategories&post=6237"},{"taxonomy":"post_tag","embeddable":true,"href":"https:\/\/www.frelimo.org.mz\/index.php?rest_route=%2Fwp%2Fv2%2Ftags&post=6237"}],"curies":[{"name":"wp","href":"https:\/\/api.w.org\/{rel}","templated":true}]}}