{"id":6234,"date":"2026-01-19T23:58:27","date_gmt":"2026-01-19T21:58:27","guid":{"rendered":"https:\/\/www.frelimo.org.mz\/?p=6234"},"modified":"2026-01-19T23:58:29","modified_gmt":"2026-01-19T21:58:29","slug":"repudio-a-cobrancas-ilicitas-e-reforco-de-apelo-a-unidade-e-solidariedade","status":"publish","type":"post","link":"https:\/\/www.frelimo.org.mz\/?p=6234","title":{"rendered":"Rep\u00fadio \u00e0 cobran\u00e7as il\u00edcitas e refor\u00e7o de apelo \u00e0 unidade e solidariedade"},"content":{"rendered":"\n<p><\/p>\n\n\n\n<p>O Partido FRELIMO acompanha com preocupa\u00e7\u00e3o a situa\u00e7\u00e3o que afecta milhares de mo\u00e7ambicanos na Cidade e Prov\u00edncia de Maputo, Gaza e Sofala, v\u00edtimas de chuvas intensas e cheias. O pa\u00eds est\u00e1 sob Alerta Vermelho decretado pelo Governo, e os danos s\u00e3o graves: perda de vidas humanas, destrui\u00e7\u00e3o de bens, desloca\u00e7\u00e3o de fam\u00edlias e colapso de infra-estruturas essenciais.<br>Neste contexto de vulnerabilidade extrema, chegou ao conhecimento do Partido FRELIMO a exist\u00eancia de alegadas cobran\u00e7as il\u00edcitas e pr\u00e1ticas abusivas associadas a ac\u00e7\u00f5es de resgate e assist\u00eancia a cidad\u00e3os em zonas afectadas. Comportamentos desta natureza representam uma afronta \u00e0 dignidade humana, um atentado contra a solidariedade e um desrespeito profundo pelo sofrimento das fam\u00edlias mo\u00e7ambicanas.<\/p>\n\n\n\n<p>O Partido FRELIMO repudia e condena energicamente esta explora\u00e7\u00e3o do desespero alheio, e considera que em momentos de tragedia nacional n\u00e3o pode haver espa\u00e7o para comportamentos desta natureza pois os mesmos se configuram em gan\u00e2ncia, oportunismo e condicionamento do socorro \u00e0 vida humana.<\/p>\n\n\n\n<p>Perante este quadro, o Partido FRELIMO apela o seguinte:<\/p>\n\n\n\n<ul class=\"wp-block-list\">\n<li>Que ningu\u00e9m transforme esta trag\u00e9dia num neg\u00f3cio exigindo pagamentos il\u00edcitos pelo resgate ou transporte de cidad\u00e3os.<\/li>\n\n\n\n<li>Que se rejeite, em hesita\u00e7\u00e3o, a especula\u00e7\u00e3o de pre\u00e7os de bens e servi\u00e7os essenciais: alimentos, \u00e1gua, transporte, habita\u00e7\u00e3o, combust\u00edveis.<\/li>\n\n\n\n<li>Que as comunidades e estruturas locais reforcem a vigil\u00e2ncia c\u00edvica e denunciem imediatamente quaisquer actos abusivos \u00e0s autoridades competentes.<\/li>\n\n\n\n<li>Que se promova e fortale\u00e7a, em todo o pa\u00eds, o esp\u00edrito de unidade nacional, entreajuda e compaix\u00e3o que sempre elevou Mo\u00e7ambique nos momentos mais dif\u00edceis.<\/li>\n<\/ul>\n\n\n\n<p>O Partido FRELIMO continuar\u00e1 a acompanhar esta situa\u00e7\u00e3o com responsabilidade, apoiando todos os esfor\u00e7os que visem proteger vidas e garantir que a solidariedade seja a marca distintiva da resposta nacional.<\/p>\n\n\n\n<p>60 ANOS CONSOLIDANDO A UNIDADE NACIONAL<br>PROMOVENDO A PAZ E O DESENVOLVIMENTO<br>FRELIMO, A FOR\u00c7A DA MUDAN\u00c7A!<\/p>\n\n\n\n<p>Maputo, 19 de Janeiro de 2026.<\/p>\n","protected":false},"excerpt":{"rendered":"<p>O Partido FRELIMO acompanha com preocupa\u00e7\u00e3o a situa\u00e7\u00e3o que afecta milhares de mo\u00e7ambicanos na Cidade e Prov\u00edncia de Maputo, Gaza e Sofala, v\u00edtimas de chuvas intensas e cheias. O pa\u00eds est\u00e1 sob Alerta Vermelho decretado pelo Governo, e os danos s\u00e3o graves: perda de vidas humanas, destrui\u00e7\u00e3o de bens, desloca\u00e7\u00e3o de fam\u00edlias e colapso de &hellip;<\/p>\n","protected":false},"author":2,"featured_media":6098,"comment_status":"open","ping_status":"open","sticky":false,"template":"","format":"standard","meta":{"_jetpack_memberships_contains_paid_content":false,"footnotes":""},"categories":[7,24],"tags":[],"class_list":["post-6234","post","type-post","status-publish","format-standard","has-post-thumbnail","hentry","category-destaques","category-imprensa"],"jetpack_featured_media_url":"https:\/\/www.frelimo.org.mz\/wp-content\/uploads\/2025\/12\/FB_IMG_1764654116575.jpg","jetpack_sharing_enabled":true,"_links":{"self":[{"href":"https:\/\/www.frelimo.org.mz\/index.php?rest_route=\/wp\/v2\/posts\/6234","targetHints":{"allow":["GET"]}}],"collection":[{"href":"https:\/\/www.frelimo.org.mz\/index.php?rest_route=\/wp\/v2\/posts"}],"about":[{"href":"https:\/\/www.frelimo.org.mz\/index.php?rest_route=\/wp\/v2\/types\/post"}],"author":[{"embeddable":true,"href":"https:\/\/www.frelimo.org.mz\/index.php?rest_route=\/wp\/v2\/users\/2"}],"replies":[{"embeddable":true,"href":"https:\/\/www.frelimo.org.mz\/index.php?rest_route=%2Fwp%2Fv2%2Fcomments&post=6234"}],"version-history":[{"count":0,"href":"https:\/\/www.frelimo.org.mz\/index.php?rest_route=\/wp\/v2\/posts\/6234\/revisions"}],"wp:featuredmedia":[{"embeddable":true,"href":"https:\/\/www.frelimo.org.mz\/index.php?rest_route=\/wp\/v2\/media\/6098"}],"wp:attachment":[{"href":"https:\/\/www.frelimo.org.mz\/index.php?rest_route=%2Fwp%2Fv2%2Fmedia&parent=6234"}],"wp:term":[{"taxonomy":"category","embeddable":true,"href":"https:\/\/www.frelimo.org.mz\/index.php?rest_route=%2Fwp%2Fv2%2Fcategories&post=6234"},{"taxonomy":"post_tag","embeddable":true,"href":"https:\/\/www.frelimo.org.mz\/index.php?rest_route=%2Fwp%2Fv2%2Ftags&post=6234"}],"curies":[{"name":"wp","href":"https:\/\/api.w.org\/{rel}","templated":true}]}}