{"id":6230,"date":"2026-01-19T12:47:34","date_gmt":"2026-01-19T10:47:34","guid":{"rendered":"https:\/\/www.frelimo.org.mz\/?p=6230"},"modified":"2026-01-19T12:47:35","modified_gmt":"2026-01-19T10:47:35","slug":"vietname-vai-continuar-a-promover-diplomacia-consentanea","status":"publish","type":"post","link":"https:\/\/www.frelimo.org.mz\/?p=6230","title":{"rendered":"Vietname vai continuar a promover diplomacia consent\u00e2nea"},"content":{"rendered":"\n<p><br>A Vice-Ministra das Rela\u00e7\u00f5es Exteriores e Coopera\u00e7\u00e3o da Rep\u00fablica Socialista do Vietname, Le Thi Thu Hang, assegurou que o pa\u00eds vai continuar a valorizou parcerias que promovem uma coopera\u00e7\u00e3o multifacetada e estabelecer medidas concretas para impulsionar uma ac\u00e7\u00e3o diplom\u00e1tica cada vez mais consent\u00e2nea, no contexto internacional.<br>A Chefe da diplomacia Vietnamita fez este pronunciamento, hoje (19) aos \u00f3rg\u00e3os de comunica\u00e7\u00e3o social nacionais e estrangeiros, durante a confer\u00eancia de imprensa, por ocasi\u00e3o da realiza\u00e7\u00e3o do 14\u00ba Congresso do Partido Comunista do Vietname (PCV), que decorre de 19 a 25 do m\u00eas em curso, em Hanoi, capital deste pa\u00eds do sudoeste asi\u00e1tico.<br>Le Thi Thu Hang deu, na ocasi\u00e3o, o panorama do pa\u00eds no contexto pol\u00edtico, econ\u00f3mica e social e, ainda, sobre o actual est\u00e1gio das rela\u00e7\u00f5es diplom\u00e1ticas e coopera\u00e7\u00e3o econ\u00f3mica com os parceiros nacionais e internacionais.<br>Saudou a abertura do Governo do Vietname, nos \u00faltimos tempos, no estabelecimento e aprofundamento das rela\u00e7\u00f5es bilaterais, uma medida que, de acordo com a Vice-Ministra das Rela\u00e7\u00f5es Exteriores da Rep\u00fablica Socialista do Vietname, abre novas oportunidades de coopera\u00e7\u00e3o nas \u00e1reas diferentes desenvolvimento no pa\u00eds.<br>\u201cUma das grandes apostas do nosso Governo \u00e9 de continuar a promover e coordenar actividades pr\u00e1ticas para fortalecer cada vez mais a amizade, o entendimento e coopera\u00e7\u00e3o efectiva com os parceiros econ\u00f3micos e diplom\u00e1ticas, dentro e fora do pa\u00eds\u201d, frisou Le Thi Thu Hang.<br>Para a governante, a estabilidade interna e as boas rela\u00e7\u00f5es com os pa\u00edses vizinhos s\u00e3o outros factores determinantes para que Vietname prossiga firme na rota do progresso na regi\u00e3o.<br>Sobre o 14\u00ba Congresso Nacional do PCV, Le Thi Thu Hang disse que a reuni\u00e3o vai tra\u00e7ar estrat\u00e9gias importantes para o pa\u00eds enfrentar, com sucesso, os desafios de desenvolvimento nos pr\u00f3ximos anos.<\/p>\n","protected":false},"excerpt":{"rendered":"<p>A Vice-Ministra das Rela\u00e7\u00f5es Exteriores e Coopera\u00e7\u00e3o da Rep\u00fablica Socialista do Vietname, Le Thi Thu Hang, assegurou que o pa\u00eds vai continuar a valorizou parcerias que promovem uma coopera\u00e7\u00e3o multifacetada e estabelecer medidas concretas para impulsionar uma ac\u00e7\u00e3o diplom\u00e1tica cada vez mais consent\u00e2nea, no contexto internacional.A Chefe da diplomacia Vietnamita fez este pronunciamento, hoje (19) &hellip;<\/p>\n","protected":false},"author":2,"featured_media":6231,"comment_status":"open","ping_status":"open","sticky":false,"template":"","format":"standard","meta":{"_jetpack_memberships_contains_paid_content":false,"footnotes":""},"categories":[5],"tags":[],"class_list":["post-6230","post","type-post","status-publish","format-standard","has-post-thumbnail","hentry","category-noticias"],"jetpack_featured_media_url":"https:\/\/www.frelimo.org.mz\/wp-content\/uploads\/2026\/01\/IMG-20260119-WA0037.jpg","jetpack_sharing_enabled":true,"_links":{"self":[{"href":"https:\/\/www.frelimo.org.mz\/index.php?rest_route=\/wp\/v2\/posts\/6230","targetHints":{"allow":["GET"]}}],"collection":[{"href":"https:\/\/www.frelimo.org.mz\/index.php?rest_route=\/wp\/v2\/posts"}],"about":[{"href":"https:\/\/www.frelimo.org.mz\/index.php?rest_route=\/wp\/v2\/types\/post"}],"author":[{"embeddable":true,"href":"https:\/\/www.frelimo.org.mz\/index.php?rest_route=\/wp\/v2\/users\/2"}],"replies":[{"embeddable":true,"href":"https:\/\/www.frelimo.org.mz\/index.php?rest_route=%2Fwp%2Fv2%2Fcomments&post=6230"}],"version-history":[{"count":0,"href":"https:\/\/www.frelimo.org.mz\/index.php?rest_route=\/wp\/v2\/posts\/6230\/revisions"}],"wp:featuredmedia":[{"embeddable":true,"href":"https:\/\/www.frelimo.org.mz\/index.php?rest_route=\/wp\/v2\/media\/6231"}],"wp:attachment":[{"href":"https:\/\/www.frelimo.org.mz\/index.php?rest_route=%2Fwp%2Fv2%2Fmedia&parent=6230"}],"wp:term":[{"taxonomy":"category","embeddable":true,"href":"https:\/\/www.frelimo.org.mz\/index.php?rest_route=%2Fwp%2Fv2%2Fcategories&post=6230"},{"taxonomy":"post_tag","embeddable":true,"href":"https:\/\/www.frelimo.org.mz\/index.php?rest_route=%2Fwp%2Fv2%2Ftags&post=6230"}],"curies":[{"name":"wp","href":"https:\/\/api.w.org\/{rel}","templated":true}]}}