{"id":6224,"date":"2026-01-19T10:27:38","date_gmt":"2026-01-19T08:27:38","guid":{"rendered":"https:\/\/www.frelimo.org.mz\/?p=6224"},"modified":"2026-01-19T10:27:39","modified_gmt":"2026-01-19T08:27:39","slug":"aprovado-regulamento-eleitoral-para-14o-congresso-nacional-do-pcv","status":"publish","type":"post","link":"https:\/\/www.frelimo.org.mz\/?p=6224","title":{"rendered":"Aprovado Regulamento Eleitoral para 14\u00ba Congresso Nacional do PCV"},"content":{"rendered":"\n<p><br>Decorre a partir de hoje, segunda-feira, dia 19 a 25 do m\u00eas corrente, na cidade de Hanoi, capital da Rep\u00fablica Socialista do Vietname, o 14\u00ba Congresso do Partido Comunista do Vietname (PCV), com a agenda do trabalho do primeiro dia, a ser direccionado para a an\u00e1lise e aprova\u00e7\u00e3o, por unanimidade, do Programa da Sess\u00e3o Preparat\u00f3ria e do Regulamento Eleitoral, num encontro presidido pelo Membro do Bureau Pol\u00edtico e Presidente da Assembleia Nacional, Tr\u1ea7n Thanh M\u1eabn.<br>Na mesma ocasi\u00e3o, foi eleito um Presidium composto por 16 membros do Bureau Pol\u00edtico, um Secretariado composto por cinco membros e uma comiss\u00e3o de verifica\u00e7\u00e3o da elegibilidade dos delegados, composta por 13 membros. Foi aprovado, tamb\u00e9m por unanimidade, o relat\u00f3rio sobre a verifica\u00e7\u00e3o da elegibilidade dos delegados ao 14\u00ba Congresso.<br>O Congresso conta com a presen\u00e7a de 1.586 delegados qualificados, que neste in\u00edcio da actividade, foram atribu\u00eddos \u00e0 tarefa de analisar, com profundidade, os documentos que ir\u00e3o orientar o decurso da magna reuni\u00e3o do PCV.<br>Outros momentos de destaque neste primeiro dia v\u00e3o para a homenagem ao falecido Presidente H\u1ed3 Ch\u00ed Minh , deposi\u00e7\u00e3o de coroa de flores no Monumento dos Her\u00f3is Nacionais e a observ\u00e2ncia de um minuto de sil\u00eancio em mem\u00f3ria do falecido Secret\u00e1rio-Geral do Partido, Nguy\u1ec5n Ph\u00fa Tr\u1ecdng a aos membros do Comit\u00e9 Central falecidos eleitos no 13\u00aa Congresso.<\/p>\n\n\n\n<p><\/p>\n","protected":false},"excerpt":{"rendered":"<p>Decorre a partir de hoje, segunda-feira, dia 19 a 25 do m\u00eas corrente, na cidade de Hanoi, capital da Rep\u00fablica Socialista do Vietname, o 14\u00ba Congresso do Partido Comunista do Vietname (PCV), com a agenda do trabalho do primeiro dia, a ser direccionado para a an\u00e1lise e aprova\u00e7\u00e3o, por unanimidade, do Programa da Sess\u00e3o Preparat\u00f3ria &hellip;<\/p>\n","protected":false},"author":2,"featured_media":6225,"comment_status":"open","ping_status":"open","sticky":false,"template":"","format":"standard","meta":{"_jetpack_memberships_contains_paid_content":false,"footnotes":""},"categories":[5],"tags":[],"class_list":["post-6224","post","type-post","status-publish","format-standard","has-post-thumbnail","hentry","category-noticias"],"jetpack_featured_media_url":"https:\/\/www.frelimo.org.mz\/wp-content\/uploads\/2026\/01\/IMG-20260119-WA0015.jpg","jetpack_sharing_enabled":true,"_links":{"self":[{"href":"https:\/\/www.frelimo.org.mz\/index.php?rest_route=\/wp\/v2\/posts\/6224","targetHints":{"allow":["GET"]}}],"collection":[{"href":"https:\/\/www.frelimo.org.mz\/index.php?rest_route=\/wp\/v2\/posts"}],"about":[{"href":"https:\/\/www.frelimo.org.mz\/index.php?rest_route=\/wp\/v2\/types\/post"}],"author":[{"embeddable":true,"href":"https:\/\/www.frelimo.org.mz\/index.php?rest_route=\/wp\/v2\/users\/2"}],"replies":[{"embeddable":true,"href":"https:\/\/www.frelimo.org.mz\/index.php?rest_route=%2Fwp%2Fv2%2Fcomments&post=6224"}],"version-history":[{"count":1,"href":"https:\/\/www.frelimo.org.mz\/index.php?rest_route=\/wp\/v2\/posts\/6224\/revisions"}],"predecessor-version":[{"id":6226,"href":"https:\/\/www.frelimo.org.mz\/index.php?rest_route=\/wp\/v2\/posts\/6224\/revisions\/6226"}],"wp:featuredmedia":[{"embeddable":true,"href":"https:\/\/www.frelimo.org.mz\/index.php?rest_route=\/wp\/v2\/media\/6225"}],"wp:attachment":[{"href":"https:\/\/www.frelimo.org.mz\/index.php?rest_route=%2Fwp%2Fv2%2Fmedia&parent=6224"}],"wp:term":[{"taxonomy":"category","embeddable":true,"href":"https:\/\/www.frelimo.org.mz\/index.php?rest_route=%2Fwp%2Fv2%2Fcategories&post=6224"},{"taxonomy":"post_tag","embeddable":true,"href":"https:\/\/www.frelimo.org.mz\/index.php?rest_route=%2Fwp%2Fv2%2Ftags&post=6224"}],"curies":[{"name":"wp","href":"https:\/\/api.w.org\/{rel}","templated":true}]}}