{"id":6212,"date":"2026-01-18T05:38:20","date_gmt":"2026-01-18T03:38:20","guid":{"rendered":"https:\/\/www.frelimo.org.mz\/?p=6212"},"modified":"2026-01-18T05:38:22","modified_gmt":"2026-01-18T03:38:22","slug":"sg-da-frelimo-lidera-campanha-solidaria-para-apoio-as-vitimas-das-cheias","status":"publish","type":"post","link":"https:\/\/www.frelimo.org.mz\/?p=6212","title":{"rendered":"SG DA FRELIMO LIDERA CAMPANHA SOLID\u00c1RIA PARA APOIO \u00c0S V\u00cdTIMAS DAS CHEIAS"},"content":{"rendered":"\n<p><\/p>\n\n\n\n<p>Num gesto de profundo compromisso com o povo mo\u00e7ambicano, o Secret\u00e1rio Geral da FRELIMO, Chakil Aboobacar, orientou este S\u00e1bado, no Pavilh\u00e3o de Maxaquene, Cidade de Maputo, uma ac\u00e7\u00e3o solid\u00e1ria de angaria\u00e7\u00e3o de bens e produtos destinados \u00e0s fam\u00edlias que sofrem os efeitos devastadores das cheias e inunda\u00e7\u00f5es em diversas regi\u00f5es do pa\u00eds.<\/p>\n\n\n\n<p>A iniciativa reuniu membros e simpatizantes do Partido, que responderam com entusiasmo ao apelo de solidariedade, refor\u00e7ando a uni\u00e3o e esperan\u00e7a. Foram recolhidos alimentos, roupas e produtos de higiene, bens indispens\u00e1veis para devolver dignidade e conforto \u00e0s comunidades afectadas, num ambiente marcado pela partilha e pelo esp\u00edrito de fraternidade.<\/p>\n\n\n\n<p>O Secret\u00e1rio Geral sublinhou a import\u00e2ncia da mobiliza\u00e7\u00e3o colectiva e da partilha em tempos de adversidade, reiterando o apelo para que cada mo\u00e7ambicano estenda a sua m\u00e3o aos que mais precisam de apoio, v\u00edtimas da chuva intensa que provocou inunda\u00e7\u00f5es sobretudo na regi\u00e3o Sul do Pa\u00eds.<\/p>\n\n\n\n<p>\u201c\u00c9 nos momentos de maior dificuldade que o verdadeiro esp\u00edrito mo\u00e7ambicano se revela. Unidos, seremos capazes de transformar a dor em for\u00e7a e a incerteza em esperan\u00e7a. Cada gesto de solidariedade \u00e9 uma semente de futuro para o nosso pa\u00eds\u201d, destacou.<\/p>\n\n\n\n<p>Com este gesto, a FRELIMO consolida o seu papel hist\u00f3rico de proximidade com o povo, demonstrando que n\u00e3o se limita a palavras, mas age com determina\u00e7\u00e3o para aliviar o sofrimento das fam\u00edlias atingidas.<\/p>\n\n\n\n<p><\/p>\n","protected":false},"excerpt":{"rendered":"<p>Num gesto de profundo compromisso com o povo mo\u00e7ambicano, o Secret\u00e1rio Geral da FRELIMO, Chakil Aboobacar, orientou este S\u00e1bado, no Pavilh\u00e3o de Maxaquene, Cidade de Maputo, uma ac\u00e7\u00e3o solid\u00e1ria de angaria\u00e7\u00e3o de bens e produtos destinados \u00e0s fam\u00edlias que sofrem os efeitos devastadores das cheias e inunda\u00e7\u00f5es em diversas regi\u00f5es do pa\u00eds. A iniciativa reuniu &hellip;<\/p>\n","protected":false},"author":2,"featured_media":6213,"comment_status":"open","ping_status":"open","sticky":false,"template":"","format":"standard","meta":{"_jetpack_memberships_contains_paid_content":false,"footnotes":""},"categories":[7],"tags":[],"class_list":["post-6212","post","type-post","status-publish","format-standard","has-post-thumbnail","hentry","category-destaques"],"jetpack_featured_media_url":"https:\/\/www.frelimo.org.mz\/wp-content\/uploads\/2026\/01\/FB_IMG_1768707370291.jpg","jetpack_sharing_enabled":true,"_links":{"self":[{"href":"https:\/\/www.frelimo.org.mz\/index.php?rest_route=\/wp\/v2\/posts\/6212","targetHints":{"allow":["GET"]}}],"collection":[{"href":"https:\/\/www.frelimo.org.mz\/index.php?rest_route=\/wp\/v2\/posts"}],"about":[{"href":"https:\/\/www.frelimo.org.mz\/index.php?rest_route=\/wp\/v2\/types\/post"}],"author":[{"embeddable":true,"href":"https:\/\/www.frelimo.org.mz\/index.php?rest_route=\/wp\/v2\/users\/2"}],"replies":[{"embeddable":true,"href":"https:\/\/www.frelimo.org.mz\/index.php?rest_route=%2Fwp%2Fv2%2Fcomments&post=6212"}],"version-history":[{"count":1,"href":"https:\/\/www.frelimo.org.mz\/index.php?rest_route=\/wp\/v2\/posts\/6212\/revisions"}],"predecessor-version":[{"id":6214,"href":"https:\/\/www.frelimo.org.mz\/index.php?rest_route=\/wp\/v2\/posts\/6212\/revisions\/6214"}],"wp:featuredmedia":[{"embeddable":true,"href":"https:\/\/www.frelimo.org.mz\/index.php?rest_route=\/wp\/v2\/media\/6213"}],"wp:attachment":[{"href":"https:\/\/www.frelimo.org.mz\/index.php?rest_route=%2Fwp%2Fv2%2Fmedia&parent=6212"}],"wp:term":[{"taxonomy":"category","embeddable":true,"href":"https:\/\/www.frelimo.org.mz\/index.php?rest_route=%2Fwp%2Fv2%2Fcategories&post=6212"},{"taxonomy":"post_tag","embeddable":true,"href":"https:\/\/www.frelimo.org.mz\/index.php?rest_route=%2Fwp%2Fv2%2Ftags&post=6212"}],"curies":[{"name":"wp","href":"https:\/\/api.w.org\/{rel}","templated":true}]}}