{"id":6207,"date":"2026-01-18T05:34:15","date_gmt":"2026-01-18T03:34:15","guid":{"rendered":"https:\/\/www.frelimo.org.mz\/?p=6207"},"modified":"2026-01-18T05:40:13","modified_gmt":"2026-01-18T03:40:13","slug":"tudo-apostos-para-festa-do-14o-congresso-nacional-do-pcv","status":"publish","type":"post","link":"https:\/\/www.frelimo.org.mz\/?p=6207","title":{"rendered":"Tudo apostos para \u201cfesta\u201d do 14\u00ba Congresso Nacional do PCV"},"content":{"rendered":"\n<p><\/p>\n\n\n\n<p>Arranca neste domingo, dia 19, o 14\u00ba Congresso Nacional do Partido Comunista do Vietname (PCV) encontro que, a avaliar pelo n\u00edvel dos preparativos, ser\u00e1 caracterizado por um ambiente de festa, uni\u00e3o e harmonia, entre membros, simpatizantes do Partido e convidados.<\/p>\n\n\n\n<p>O alto n\u00edvel de prepara\u00e7\u00e3o desta magna reuni\u00e3o destaca-se pelo grande movimento nas ruas e pra\u00e7as centrais em quase por toda a cidade de Hanoi, a capital da Rep\u00fablica Socialista do Vietname, local que acolhe o 14\u00ba Congresso, com os trabalhos de decora\u00e7\u00e3o uniformemente programados, onde as bandeiras e cartazes d\u00e3o boas-vindas ao conv\u00edvio da festa do Partido e do povo Vietnamita.<\/p>\n\n\n\n<p>Deste o in\u00edcio deste ano, a cidade de Han\u00f3i ganhou mais brilho com uma nova apar\u00eancia decorrente dos preparativos da realiza\u00e7\u00e3o deste evento pol\u00edtico mais importante do pa\u00eds: o 14\u00ba Congresso Nacional do PCV, agendado para 19 a 25 de Janeiro.<\/p>\n\n\n\n<p>Os trabalhos de decora\u00e7\u00e3o s\u00e3o mais vis\u00edveis ainda no centro pol\u00edtico de Ba \u0110\u00ecnh, com as ruas, jardins e espa\u00e7os p\u00fablicos cuidadosamente modernizados, contudo, sem alterar a base tradicional da urbe.<\/p>\n\n\n\n<p>Al\u00e9m do paisagismo e dos trabalhos decorativos, os bairros e munic\u00edpios implementaram medidas abrangentes de embelezamento urbano. Passeios e ruas ganharam aspecto renovado que desperta a aten\u00e7\u00e3o de todos, refor\u00e7ando expectativa de uma grande celebra\u00e7\u00e3o.<\/p>\n\n\n\n<p>Com a projec\u00e7\u00e3o desta magna reuni\u00e3o, Han\u00f3i, o cora\u00e7\u00e3o pol\u00edtico e cultural do pa\u00eds, apresenta mais uma vez seu papel e responsabilidade na organiza\u00e7\u00e3o, no apoio e na transmiss\u00e3o dos valores que unem, cada vez mais o povo vietnamita.<\/p>\n\n\n\n<figure class=\"wp-block-image size-full\"><img loading=\"lazy\" decoding=\"async\" width=\"640\" height=\"401\" src=\"https:\/\/www.frelimo.org.mz\/wp-content\/uploads\/2026\/01\/IMG-20260118-WA0000.jpg\" alt=\"\" class=\"wp-image-6208\" srcset=\"https:\/\/www.frelimo.org.mz\/wp-content\/uploads\/2026\/01\/IMG-20260118-WA0000.jpg 640w, https:\/\/www.frelimo.org.mz\/wp-content\/uploads\/2026\/01\/IMG-20260118-WA0000-300x188.jpg 300w\" sizes=\"auto, (max-width: 640px) 100vw, 640px\" \/><\/figure>\n","protected":false},"excerpt":{"rendered":"<p>Arranca neste domingo, dia 19, o 14\u00ba Congresso Nacional do Partido Comunista do Vietname (PCV) encontro que, a avaliar pelo n\u00edvel dos preparativos, ser\u00e1 caracterizado por um ambiente de festa, uni\u00e3o e harmonia, entre membros, simpatizantes do Partido e convidados. O alto n\u00edvel de prepara\u00e7\u00e3o desta magna reuni\u00e3o destaca-se pelo grande movimento nas ruas e &hellip;<\/p>\n","protected":false},"author":2,"featured_media":6209,"comment_status":"open","ping_status":"open","sticky":false,"template":"","format":"standard","meta":{"_jetpack_memberships_contains_paid_content":false,"footnotes":""},"categories":[7,4],"tags":[],"class_list":["post-6207","post","type-post","status-publish","format-standard","has-post-thumbnail","hentry","category-destaques","category-outras"],"jetpack_featured_media_url":"https:\/\/www.frelimo.org.mz\/wp-content\/uploads\/2026\/01\/IMG-20260118-WA0002.jpg","jetpack_sharing_enabled":true,"_links":{"self":[{"href":"https:\/\/www.frelimo.org.mz\/index.php?rest_route=\/wp\/v2\/posts\/6207","targetHints":{"allow":["GET"]}}],"collection":[{"href":"https:\/\/www.frelimo.org.mz\/index.php?rest_route=\/wp\/v2\/posts"}],"about":[{"href":"https:\/\/www.frelimo.org.mz\/index.php?rest_route=\/wp\/v2\/types\/post"}],"author":[{"embeddable":true,"href":"https:\/\/www.frelimo.org.mz\/index.php?rest_route=\/wp\/v2\/users\/2"}],"replies":[{"embeddable":true,"href":"https:\/\/www.frelimo.org.mz\/index.php?rest_route=%2Fwp%2Fv2%2Fcomments&post=6207"}],"version-history":[{"count":1,"href":"https:\/\/www.frelimo.org.mz\/index.php?rest_route=\/wp\/v2\/posts\/6207\/revisions"}],"predecessor-version":[{"id":6210,"href":"https:\/\/www.frelimo.org.mz\/index.php?rest_route=\/wp\/v2\/posts\/6207\/revisions\/6210"}],"wp:featuredmedia":[{"embeddable":true,"href":"https:\/\/www.frelimo.org.mz\/index.php?rest_route=\/wp\/v2\/media\/6209"}],"wp:attachment":[{"href":"https:\/\/www.frelimo.org.mz\/index.php?rest_route=%2Fwp%2Fv2%2Fmedia&parent=6207"}],"wp:term":[{"taxonomy":"category","embeddable":true,"href":"https:\/\/www.frelimo.org.mz\/index.php?rest_route=%2Fwp%2Fv2%2Fcategories&post=6207"},{"taxonomy":"post_tag","embeddable":true,"href":"https:\/\/www.frelimo.org.mz\/index.php?rest_route=%2Fwp%2Fv2%2Ftags&post=6207"}],"curies":[{"name":"wp","href":"https:\/\/api.w.org\/{rel}","templated":true}]}}