{"id":6199,"date":"2026-01-16T08:34:28","date_gmt":"2026-01-16T06:34:28","guid":{"rendered":"https:\/\/www.frelimo.org.mz\/?p=6199"},"modified":"2026-01-16T08:34:31","modified_gmt":"2026-01-16T06:34:31","slug":"secretarios-gerais-da-omm-e-ojm-promovem-acoes-solidarias","status":"publish","type":"post","link":"https:\/\/www.frelimo.org.mz\/?p=6199","title":{"rendered":"Secret\u00e1rios Gerais da OMM e OJM, Promovem a\u00e7\u00f5es Solid\u00e1rias"},"content":{"rendered":"\n<p><\/p>\n\n\n\n<p>Os l\u00edderes das Organiza\u00e7\u00f5es sociais da FRELIMO ( OMM e OJM) entregaram hoje, 15 de Janeiro de 2026 donativos em alguns centros de acolhimentos e \u00e0s v\u00edtimas das enxurradas na Cidade de Maputo.<\/p>\n\n\n\n<p>As organiza\u00e7\u00f5es iniciaram o dia com uma jornada de limpeza e desobstru\u00e7\u00e3o das vias e saneamento do meio e terminaram o dia visitando centros de acolhimento.<br>Guiados pelo esp\u00edrito de que o pouco sempre pode fazer a diferen\u00e7a, doaram alguns g\u00e9neros aliment\u00edcios e materiais de higiene.<\/p>\n\n\n\n<p>Chapo \u00e9 do Povo<\/p>\n\n\n\n<h1 class=\"wp-block-heading\">OMM OJM<\/h1>\n\n\n\n<h1 class=\"wp-block-heading\">Solidariedade<\/h1>\n","protected":false},"excerpt":{"rendered":"<p>Os l\u00edderes das Organiza\u00e7\u00f5es sociais da FRELIMO ( OMM e OJM) entregaram hoje, 15 de Janeiro de 2026 donativos em alguns centros de acolhimentos e \u00e0s v\u00edtimas das enxurradas na Cidade de Maputo. As organiza\u00e7\u00f5es iniciaram o dia com uma jornada de limpeza e desobstru\u00e7\u00e3o das vias e saneamento do meio e terminaram o dia &hellip;<\/p>\n","protected":false},"author":2,"featured_media":6200,"comment_status":"open","ping_status":"open","sticky":false,"template":"","format":"standard","meta":{"_jetpack_memberships_contains_paid_content":false,"footnotes":""},"categories":[5],"tags":[],"class_list":["post-6199","post","type-post","status-publish","format-standard","has-post-thumbnail","hentry","category-noticias"],"jetpack_featured_media_url":"https:\/\/www.frelimo.org.mz\/wp-content\/uploads\/2026\/01\/FB_IMG_1768545201101.jpg","jetpack_sharing_enabled":true,"_links":{"self":[{"href":"https:\/\/www.frelimo.org.mz\/index.php?rest_route=\/wp\/v2\/posts\/6199","targetHints":{"allow":["GET"]}}],"collection":[{"href":"https:\/\/www.frelimo.org.mz\/index.php?rest_route=\/wp\/v2\/posts"}],"about":[{"href":"https:\/\/www.frelimo.org.mz\/index.php?rest_route=\/wp\/v2\/types\/post"}],"author":[{"embeddable":true,"href":"https:\/\/www.frelimo.org.mz\/index.php?rest_route=\/wp\/v2\/users\/2"}],"replies":[{"embeddable":true,"href":"https:\/\/www.frelimo.org.mz\/index.php?rest_route=%2Fwp%2Fv2%2Fcomments&post=6199"}],"version-history":[{"count":0,"href":"https:\/\/www.frelimo.org.mz\/index.php?rest_route=\/wp\/v2\/posts\/6199\/revisions"}],"wp:featuredmedia":[{"embeddable":true,"href":"https:\/\/www.frelimo.org.mz\/index.php?rest_route=\/wp\/v2\/media\/6200"}],"wp:attachment":[{"href":"https:\/\/www.frelimo.org.mz\/index.php?rest_route=%2Fwp%2Fv2%2Fmedia&parent=6199"}],"wp:term":[{"taxonomy":"category","embeddable":true,"href":"https:\/\/www.frelimo.org.mz\/index.php?rest_route=%2Fwp%2Fv2%2Fcategories&post=6199"},{"taxonomy":"post_tag","embeddable":true,"href":"https:\/\/www.frelimo.org.mz\/index.php?rest_route=%2Fwp%2Fv2%2Ftags&post=6199"}],"curies":[{"name":"wp","href":"https:\/\/api.w.org\/{rel}","templated":true}]}}