{"id":6188,"date":"2026-01-10T16:41:54","date_gmt":"2026-01-10T14:41:54","guid":{"rendered":"https:\/\/www.frelimo.org.mz\/?p=6188"},"modified":"2026-01-10T16:41:58","modified_gmt":"2026-01-10T14:41:58","slug":"necrologia-3","status":"publish","type":"post","link":"https:\/\/www.frelimo.org.mz\/?p=6188","title":{"rendered":"Necrologia"},"content":{"rendered":"\n<p>SEDE NACIONAL<\/p>\n\n\n\n<p>Com profunda dor e consterna\u00e7\u00e3o, a Comiss\u00e3o Pol\u00edtica, o Secretariado do Comit\u00e9 Central (SCC), os membros, militantes e simpatizantes da FRELIMO receberam a not\u00edcia do falecimento do Camarada <em>Artur Nanlicha Muchopa<\/em>, Primeiro Secret\u00e1rio do Comit\u00e9 Provincial do Niassa, ocorrido hoje, dia 10 de Janeiro de 2025, no Hospital Central de Nampula, v\u00edtima de doen\u00e7a.<\/p>\n\n\n\n<p>Neste momento de luto, endere\u00e7amos \u00e0 fam\u00edlia enlutada as mais sentidas condol\u00eancias e a nossa solidariedade. Que o seu legado de luta e patriotismo continue a inspirar as gera\u00e7\u00f5es futuras.<\/p>\n\n\n\n<p>Os detalhes sobre as cerim\u00f3nias f\u00fanebres ser\u00e3o partilhados oportunamente.<\/p>\n\n\n\n<p>Que a alma do nosso estimado Camarada Artur Nanlicha Muchopa descanse em paz.<\/p>\n\n\n\n<p><em>60 ANOS CONSOLIDANDO A UNIDADE NACIONAL, PROMOVENDO A PAZ E O DESENVOLVIMENTO FRELIMO, A FOR\u00c7A DA MUDAN\u00c7A!<\/em><\/p>\n","protected":false},"excerpt":{"rendered":"<p>SEDE NACIONAL Com profunda dor e consterna\u00e7\u00e3o, a Comiss\u00e3o Pol\u00edtica, o Secretariado do Comit\u00e9 Central (SCC), os membros, militantes e simpatizantes da FRELIMO receberam a not\u00edcia do falecimento do Camarada Artur Nanlicha Muchopa, Primeiro Secret\u00e1rio do Comit\u00e9 Provincial do Niassa, ocorrido hoje, dia 10 de Janeiro de 2025, no Hospital Central de Nampula, v\u00edtima de &hellip;<\/p>\n","protected":false},"author":2,"featured_media":6189,"comment_status":"open","ping_status":"open","sticky":false,"template":"","format":"standard","meta":{"_jetpack_memberships_contains_paid_content":false,"footnotes":""},"categories":[4],"tags":[],"class_list":["post-6188","post","type-post","status-publish","format-standard","has-post-thumbnail","hentry","category-outras"],"jetpack_featured_media_url":"https:\/\/www.frelimo.org.mz\/wp-content\/uploads\/2026\/01\/IMG-20260110-WA0099.jpg","jetpack_sharing_enabled":true,"_links":{"self":[{"href":"https:\/\/www.frelimo.org.mz\/index.php?rest_route=\/wp\/v2\/posts\/6188","targetHints":{"allow":["GET"]}}],"collection":[{"href":"https:\/\/www.frelimo.org.mz\/index.php?rest_route=\/wp\/v2\/posts"}],"about":[{"href":"https:\/\/www.frelimo.org.mz\/index.php?rest_route=\/wp\/v2\/types\/post"}],"author":[{"embeddable":true,"href":"https:\/\/www.frelimo.org.mz\/index.php?rest_route=\/wp\/v2\/users\/2"}],"replies":[{"embeddable":true,"href":"https:\/\/www.frelimo.org.mz\/index.php?rest_route=%2Fwp%2Fv2%2Fcomments&post=6188"}],"version-history":[{"count":0,"href":"https:\/\/www.frelimo.org.mz\/index.php?rest_route=\/wp\/v2\/posts\/6188\/revisions"}],"wp:featuredmedia":[{"embeddable":true,"href":"https:\/\/www.frelimo.org.mz\/index.php?rest_route=\/wp\/v2\/media\/6189"}],"wp:attachment":[{"href":"https:\/\/www.frelimo.org.mz\/index.php?rest_route=%2Fwp%2Fv2%2Fmedia&parent=6188"}],"wp:term":[{"taxonomy":"category","embeddable":true,"href":"https:\/\/www.frelimo.org.mz\/index.php?rest_route=%2Fwp%2Fv2%2Fcategories&post=6188"},{"taxonomy":"post_tag","embeddable":true,"href":"https:\/\/www.frelimo.org.mz\/index.php?rest_route=%2Fwp%2Fv2%2Ftags&post=6188"}],"curies":[{"name":"wp","href":"https:\/\/api.w.org\/{rel}","templated":true}]}}