{"id":6184,"date":"2026-01-09T02:39:35","date_gmt":"2026-01-09T00:39:35","guid":{"rendered":"https:\/\/www.frelimo.org.mz\/?p=6184"},"modified":"2026-01-10T02:42:00","modified_gmt":"2026-01-10T00:42:00","slug":"frelimo-homenageia-presidente-chapo-pelo-seu-49-o-aniversario","status":"publish","type":"post","link":"https:\/\/www.frelimo.org.mz\/?p=6184","title":{"rendered":"FRELIMO HOMENAGEIA PRESIDENTE CHAPO PELO SEU 49.\u00ba ANIVERS\u00c1RIO"},"content":{"rendered":"\n<p><em>FRELIMO HOMENAGEIA PRESIDENTE CHAPO PELO SEU 49.\u00ba ANIVERS\u00c1RIO<\/em><\/p>\n\n\n\n<p>A FRELIMO felicitou, nesta Sexta-feira, o Presidente do Partido e Presidente da Rep\u00fablica, Daniel Chapo, pelo seu 49.\u00ba anivers\u00e1rio, assinalado no passado dia 6 de Janeiro.<\/p>\n\n\n\n<p>Com efeito, membros, simpatizantes e quadros do Partido reuniram-se na Sede desta forma\u00e7\u00e3o pol\u00edtica, em Maputo, num ambiente de festa e de reconhecimento dos feitos do Presidente Chapo, exaltando a sua contribui\u00e7\u00e3o para o progresso do pa\u00eds.<\/p>\n\n\n\n<p>O evento, que contou com a presen\u00e7a do Secret\u00e1rio-Geral da FRELIMO, Chakil Aboobacar, serviu para colher do Presidente Chapo li\u00e7\u00f5es de humanismo, lideran\u00e7a humilde e dedica\u00e7\u00e3o \u00e0 causa do povo.<\/p>\n\n\n\n<p>A celebra\u00e7\u00e3o foi igualmente marcada por mensagens de esperan\u00e7a e unidade, sublinhando o compromisso da FRELIMO em prosseguir o caminho de desenvolvimento e estabilidade nacional, destacando a lideran\u00e7a de Daniel Chapo como um exemplo de perseveran\u00e7a e vis\u00e3o estrat\u00e9gica, capaz de inspirar novas gera\u00e7\u00f5es a servir a p\u00e1tria com lealdade e sentido de responsabilidade.<\/p>\n","protected":false},"excerpt":{"rendered":"<p>FRELIMO HOMENAGEIA PRESIDENTE CHAPO PELO SEU 49.\u00ba ANIVERS\u00c1RIO A FRELIMO felicitou, nesta Sexta-feira, o Presidente do Partido e Presidente da Rep\u00fablica, Daniel Chapo, pelo seu 49.\u00ba anivers\u00e1rio, assinalado no passado dia 6 de Janeiro. Com efeito, membros, simpatizantes e quadros do Partido reuniram-se na Sede desta forma\u00e7\u00e3o pol\u00edtica, em Maputo, num ambiente de festa e &hellip;<\/p>\n","protected":false},"author":2,"featured_media":6185,"comment_status":"open","ping_status":"open","sticky":false,"template":"","format":"standard","meta":{"_jetpack_memberships_contains_paid_content":false,"footnotes":""},"categories":[7],"tags":[],"class_list":["post-6184","post","type-post","status-publish","format-standard","has-post-thumbnail","hentry","category-destaques"],"jetpack_featured_media_url":"https:\/\/www.frelimo.org.mz\/wp-content\/uploads\/2026\/01\/IMG-20260110-WA0015.jpg","jetpack_sharing_enabled":true,"_links":{"self":[{"href":"https:\/\/www.frelimo.org.mz\/index.php?rest_route=\/wp\/v2\/posts\/6184","targetHints":{"allow":["GET"]}}],"collection":[{"href":"https:\/\/www.frelimo.org.mz\/index.php?rest_route=\/wp\/v2\/posts"}],"about":[{"href":"https:\/\/www.frelimo.org.mz\/index.php?rest_route=\/wp\/v2\/types\/post"}],"author":[{"embeddable":true,"href":"https:\/\/www.frelimo.org.mz\/index.php?rest_route=\/wp\/v2\/users\/2"}],"replies":[{"embeddable":true,"href":"https:\/\/www.frelimo.org.mz\/index.php?rest_route=%2Fwp%2Fv2%2Fcomments&post=6184"}],"version-history":[{"count":0,"href":"https:\/\/www.frelimo.org.mz\/index.php?rest_route=\/wp\/v2\/posts\/6184\/revisions"}],"wp:featuredmedia":[{"embeddable":true,"href":"https:\/\/www.frelimo.org.mz\/index.php?rest_route=\/wp\/v2\/media\/6185"}],"wp:attachment":[{"href":"https:\/\/www.frelimo.org.mz\/index.php?rest_route=%2Fwp%2Fv2%2Fmedia&parent=6184"}],"wp:term":[{"taxonomy":"category","embeddable":true,"href":"https:\/\/www.frelimo.org.mz\/index.php?rest_route=%2Fwp%2Fv2%2Fcategories&post=6184"},{"taxonomy":"post_tag","embeddable":true,"href":"https:\/\/www.frelimo.org.mz\/index.php?rest_route=%2Fwp%2Fv2%2Ftags&post=6184"}],"curies":[{"name":"wp","href":"https:\/\/api.w.org\/{rel}","templated":true}]}}