{"id":6180,"date":"2026-01-08T19:23:35","date_gmt":"2026-01-08T17:23:35","guid":{"rendered":"https:\/\/www.frelimo.org.mz\/?p=6180"},"modified":"2026-01-08T19:23:39","modified_gmt":"2026-01-08T17:23:39","slug":"frelimo-e-pcv-unidos-pelos-lacos-historicos-de-solidariedade-fraterna-e-ideal-comum","status":"publish","type":"post","link":"https:\/\/www.frelimo.org.mz\/?p=6180","title":{"rendered":"FRELIMO e PCV unidos pelos la\u00e7os hist\u00f3ricos de solidariedade fraterna e ideal comum"},"content":{"rendered":"\n\n\n<p><\/p>\n\n\n\n<p>Ao longo do processo de luta pela independ\u00eancia nacional, a Frente de Liberta\u00e7\u00e3o de Mo\u00e7ambique (FRELIMO) e o Partido Comunista do Vietname (PCV) estiveram juntos, unidos e sempre conduzidos pelo esp\u00edrito de solidariedade fraterna e ideal comum, no desenvolvimento dos dois partidos, pa\u00edses e povos.&nbsp;<\/p>\n\n\n\n<p>A afirma\u00e7\u00e3o \u00e9 da Embaixadora Extraordin\u00e1ria e Plenipotenci\u00e1ria da Rep\u00fablica Socialista do Vietname na Rep\u00fablica de Mo\u00e7ambique, a Sra.Tran Thi Thu Thin, durante uma entrevista concedida ao BOLETIM INFORMATIVO da FRELIMO (BIF), no \u00e2mbito da realiza\u00e7\u00e3o do 14\u00ba Congresso do PCV, agendado para decorrer de 19 a 25 de Janeiro corrente, na cidade de Han\u00f3i, capital daquele pa\u00eds asi\u00e1tico.<\/p>\n\n\n\n<p>&nbsp;Tran Thi Thu Thin disse ainda que, ao longo dos anos, a FRELIMO e o PCV continuam a fortalecer os seus tradicionais la\u00e7os de amizade e coopera\u00e7\u00e3o, com base na assinatura de v\u00e1rios acordos conjuntos, com destaque para os sectores de educa\u00e7\u00e3o, sa\u00fade, entre outros de vital import\u00e2ncia, para o cont\u00ednuo desenvolvimento dos dois partidos e povos.<\/p>\n\n\n\n<p>Neste contexto, apresentamos, em seguida, os principais momentos da entrevista com a chefe da diplomacia vietnamita em Mo\u00e7ambique.<\/p>\n\n\n\n<p>BIF: Sra Embaixadora. Que avalia\u00e7\u00e3o faz da rela\u00e7\u00e3o entre o Partido Comunista do Vietname (PCV) e a Frente de Liberta\u00e7\u00e3o de Mo\u00e7ambique (FRELIMO)?<\/p>\n\n\n\n<p>Tran Thi Thu Thin: A FRELIMO foi um dos primeiros partidos pol\u00edticos com os quais o PCV estabeleceu rela\u00e7\u00f5es de amizade fraterna e coopera\u00e7\u00e3o, no ano de 1960, em que durante a luta pela independ\u00eancia nacional, os dois partidos e as duas na\u00e7\u00f5es estiveram lado a lado, manifestando sempre o esp\u00edrito de solidariedade fraterna e um ideal comum. Foi ao longo deste processo de constru\u00e7\u00e3o e desenvolvimento nacional que os dois partidos continuaram firmes na presta\u00e7\u00e3o de assist\u00eancia ao seu povo.<\/p>\n\n\n\n<p>Para estimular a coopera\u00e7\u00e3o, o Vietname tem vindo a promover diversos cursos de treinamento pol\u00edtico de curta dura\u00e7\u00e3o em benef\u00edcio dos Quadros do Partido FRELIMO, com o objectivo de compartilhar experi\u00eancias na lideran\u00e7a do pa\u00eds e na consolida\u00e7\u00e3o das rela\u00e7\u00f5es m\u00fatuas, tendo o mais recente sido realizado em Setembro de 2025.&nbsp;<\/p>\n\n\n\n<p>&nbsp;Com base nas boas rela\u00e7\u00f5es existentes entre os dois partidos e pa\u00edses, foram implementados projectos que trouxeram resultados frut\u00edferos e ben\u00e9ficos para ambos os lados. Aqui podemos destacar a implanta\u00e7\u00e3o da empresa de telefonia m\u00f3vel Movitel em Mo\u00e7ambique, que hoje constitui uma refer\u00eancia com um raio de cobertura que abrange todos os distritos do pa\u00eds.<\/p>\n\n\n\n<p>&nbsp;Com 13 anos de opera\u00e7\u00e3o, a Movitel j\u00e1 alcan\u00e7ou a lideran\u00e7a no mercado mo\u00e7ambicano, cujos seus servi\u00e7os de telecomunica\u00e7\u00f5es tornaram a empresa pioneira no processo de transforma\u00e7\u00e3o digital neste pa\u00eds, Mo\u00e7ambique.&nbsp;<\/p>\n\n\n\n<p>BIF: O PCV realiza este ano &nbsp;o seu 14\u00ba Congresso Nacional. Olhando para o per\u00edodo desde o 13\u00ba Congresso (2021-2025), poderia destacar algumas conquistas que o Partido alcan\u00e7ou nos \u00faltimos 5 anos?<\/p>\n\n\n\n<p>Tran Thi Thu Thin: Ao longo dos mais de 80 anos de jornadas \u00e1rduas marcadas por v\u00e1rias adversidades e desafios, assim como pela gl\u00f3ria e honra, o Vietname, sob a lideran\u00e7a do Comit\u00e9 Central do Partido do Presidente Ho Chi Minh, do Secretariado e dos sucessivos Secret\u00e1rios-Gerais, alcan\u00e7ou vit\u00f3rias, em v\u00e1rias etapas, que contribu\u00edram para o cont\u00ednuo desenvolvimento do Pa\u00eds.<\/p>\n\n\n\n<p>Estas etapas incluem a conquista da independ\u00eancia nacional, a reunifica\u00e7\u00e3o e a constru\u00e7\u00e3o do socialismo, que transformaram o pa\u00eds de uma na\u00e7\u00e3o pobre num pa\u00eds em desenvolvimento profundamente integrado na comunidade global, com um crescimento econ\u00f3mico impressionante e padr\u00f5es de vida cada vez melhores para o seu povo.<\/p>\n\n\n\n<p>Devo referenciar que desde a sua funda\u00e7\u00e3o em 1930, o PCV realizou 13 Congressos Nacionais, caracterizados pela uni\u00e3o e determina\u00e7\u00e3o de todos. Ao longo deste exerc\u00edcio, o pa\u00eds implementou, com sucesso, a Resolu\u00e7\u00e3o do 13\u00ba Congresso Nacional para o mandato de 2021-2025, alcan\u00e7ando resultados not\u00e1veis, sobretudo no contexto da estabilidade macro-econ\u00f3mica, controlo da infla\u00e7\u00e3o, da d\u00edvida p\u00fablica, entre outros elementos que concorrem para o funcionamento regular das institui\u00e7\u00f5es em benef\u00edcio do pa\u00eds e do povo.<\/p>\n\n\n\n<p>O crescimento m\u00e9dio do Produto Interno Bruto (PIB), entre 2021 e 2025, foi de aproximadamente 6,3% ao ano, um dos mais altos do mundo. Em 2025, o PIB ultrapassou US$ 510 bilh\u00f5es (1,47 vezes o de 2020) e a renda per capita (por pessoa) atingiu cerca de US$ 5.000, colocando o Vietname entre os pa\u00edses de renda m\u00e9dia-alta.&nbsp;<\/p>\n\n\n\n<p>No que tange ao desenvolvimento cultural, humano e social, o Vietname apresenta progressos significativos em diversas \u00e1reas, com destaque para a seguran\u00e7a social onde o padr\u00e3o de vida da &nbsp;popula\u00e7\u00e3o melhorou consideravelmente. As \u00e1reas de Defesa e Seguran\u00e7a Nacional foram ainda mais fortalecidas, para a salvaguarda da independ\u00eancia, da soberania e da integridade territorial.&nbsp;<\/p>\n\n\n\n<p>H\u00e1 que destacar ainda que o Vietname busca, consistentemente, uma pol\u00edtica externa de independ\u00eancia, auto-sufici\u00eancia, paz, amizade, coopera\u00e7\u00e3o e desenvolvimento, ao mesmo tempo em que diversifica e multilateraliza as suas rela\u00e7\u00f5es externas.<\/p>\n\n\n\n<p>Disciplina Partid\u00e1ria Rigorosamente Aplicada<\/p>\n\n\n\n<p>No \u00faltimo mandato, a constru\u00e7\u00e3o e a ratifica\u00e7\u00e3o do Partido alcan\u00e7aram resultados inovadores. A disciplina partid\u00e1ria foi rigorosamente aplicada; bem como o combate \u00e0 corrup\u00e7\u00e3o, ao desperd\u00edcio e \u00e0s pr\u00e1ticas negativas.<\/p>\n\n\n\n<p>A lideran\u00e7a e os m\u00e9todos de governan\u00e7a do Partido continuaram a ser renovados, tornando-se mais cient\u00edficos, democr\u00e1ticos, eficazes e eficientes. Essas conquistas reafirmam a unidade, o consenso e a elevada determina\u00e7\u00e3o de todo o Partido, do povo e do sistema pol\u00edtico na constru\u00e7\u00e3o de um Partido Comunista do Vietname \u00edntegro e forte.<\/p>\n\n\n\n<p>&nbsp;Continuamos a aprimorar um Estado Socialista de Direito do Povo, pelo Povo e para o Povo, sob a lideran\u00e7a do PCV Partido.<\/p>\n\n\n\n<p>BIF: Qual o foco do 14\u00ba Congresso Nacional do PCV na orienta\u00e7\u00e3o das pol\u00edticas do desenvolvimento do Vietname?<\/p>\n\n\n\n<p>Tran Thi Thu Thin: Com base no sucesso dos congressos anteriores, o 14\u00ba Congresso Nacional \u00e9 um importante evento pol\u00edtico de significado decisivo para o futuro desenvolvimento do Vietname na nova era e que vai reunir 1.588 delegados, representando mais de 5,6 milh\u00f5es de membros do Partido.<\/p>\n\n\n\n<p>O 14\u00ba Congresso Nacional vai decorrer sob o lema: \u201cSob a Gloriosa Bandeira do Partido, Unindo Esfor\u00e7os e Unanimidade para Alcan\u00e7ar com Sucesso as Metas de Desenvolvimento do Pa\u00eds at\u00e9 2030; Construindo Autonomia Estrat\u00e9gica, Auto-sufici\u00eancia, Resili\u00eancia, Avan\u00e7ando com Confian\u00e7a na Era do Progresso Nacional, pela Paz, Independ\u00eancia, Democracia, Prosperidade, Progresso, Felicidade e um Caminho Firme Rumo ao Socialismo\u201d.&nbsp;<\/p>\n\n\n\n<p>Este lema reflecte a unicidade do pensamento, fortalece a confian\u00e7a p\u00fablica e reafirma a sabedoria e a firmeza do Partido e da Na\u00e7\u00e3o. Representa, ainda, um ponto de viragem hist\u00f3rica e &nbsp;um marco importante no processo de desenvolvimento nacional.<\/p>\n\n\n\n<p>O 14\u00ba Congresso Nacional do PCV ocorre numa altura em que o Vietname se esfor\u00e7a para concretizar as metas pol\u00edticas e tarefas estabelecidas pelo 13\u00ba Congresso e coincide com a celebra\u00e7\u00e3o do 96\u00ba anivers\u00e1rio da funda\u00e7\u00e3o do Partido Comunista do Vietname (03\/02\/1930\u201303\/02\/2026).&nbsp;<\/p>\n\n\n\n<p>O PCV pretende alcan\u00e7ar as metas de desenvolvimento do pa\u00eds at\u00e9 2030, quando o Partido celebra seu centen\u00e1rio (1930\u20132030), e trabalhar em direc\u00e7\u00e3o \u00e0 vis\u00e3o de 2045, que marca o centen\u00e1rio da Rep\u00fablica Socialista do Vietname (1945\u20132045).<\/p>\n\n\n\n<p>O Congresso identificar\u00e1 metas de desenvolvimento, incluindo a manuten\u00e7\u00e3o firme de um ambiente pac\u00edfico e est\u00e1vel; a promo\u00e7\u00e3o do desenvolvimento nacional r\u00e1pido e sustent\u00e1vel, salvaguardando firmemente a P\u00e1tria; a melhoria abrangente dos padr\u00f5es de vida da popula\u00e7\u00e3o. Pretendemos que o Vietname se torne um pa\u00eds em desenvolvimento com ind\u00fastrias modernas, no contexto da concretiza\u00e7\u00e3o da vis\u00e3o de uma na\u00e7\u00e3o cada vez mais pr\u00f3spera, rumo ao socialismo.<\/p>\n\n\n\n<p>Constitui, tamb\u00e9m, uma das prioridades centrais do pa\u00eds, construir uma estrutura institucional de desenvolvimento abrangente e bem coordenada, com o foco nos sistemas jur\u00eddicos e mecanismos pol\u00edticos que possam remover de forma r\u00e1pida e decisiva os entraves e restri\u00e7\u00f5es.<\/p>\n\n\n\n<p>Este Congresso tamb\u00e9m se concentrar\u00e1 em tr\u00eas avan\u00e7os estrat\u00e9gicos, nomeadamente: Alcan\u00e7ar grandes avan\u00e7os nas institui\u00e7\u00f5es de desenvolvimento; fortalecer a descentraliza\u00e7\u00e3o e a delega\u00e7\u00e3o de autoridade; promover avan\u00e7os na ci\u00eancia, tecnologia, inova\u00e7\u00e3o e transforma\u00e7\u00e3o digital; e desenvolver novas capacidades produtivas juntamente com novos modelos de produ\u00e7\u00e3o e neg\u00f3cios; Focar na reestrutura\u00e7\u00e3o e na melhoria da qualidade dos recursos humanos; desenvolver uma for\u00e7a de trabalho altamente qualificada e valorizar o talento; reformar ousadamente o trabalho de quadros e incentivar e proteger os funcion\u00e1rios que sejam din\u00e2micos, criativos, dispostos a pensar e agir, prontos para assumir responsabilidades e sacrificar-se pelo bem comum; e continuar a introduzir melhorias no processo do desenvolvimento de infra-estrutura socioecon\u00f3mica, particularmente na \u00e1rea de transporte, tecnologia e energia.<\/p>\n\n\n\n<p>BIF: Ap\u00f3s o 14\u00ba Congresso do PCV, como Embaixadora do Vietname em Mo\u00e7ambique, como prev\u00ea o desenvolvimento futuro da coopera\u00e7\u00e3o entre os dois Partidos?<\/p>\n\n\n\n<p>Tran Thi Thu Thin:&nbsp; Ao longo do tempo, a tradicional solidariedade, amizade e coopera\u00e7\u00e3o entre os nossos dois partidos foram cultivadas e desenvolvidas por sucessivas gera\u00e7\u00f5es de l\u00edderes de ambos os lados. O PCV sempre valorizou e reafirmou a sua disposi\u00e7\u00e3o de ampliar a coopera\u00e7\u00e3o com a FRELIMO. Acredito que essa perspectiva continuar\u00e1 a ser promovida ap\u00f3s o 14\u00ba Congresso.<\/p>\n\n\n\n<p>O Partido Comunista do Vietname&nbsp; continuar\u00e1 a atribuir import\u00e2ncia \u00e0 preserva\u00e7\u00e3o e ao desenvolvimento da rela\u00e7\u00e3o entre os nossos dois partidos, orientando as rela\u00e7\u00f5es Vietname-Mo\u00e7ambique, com base na confian\u00e7a pol\u00edtica, para expandir a coopera\u00e7\u00e3o em \u00e1reas onde ambas as partes t\u00eam necessidades e pontos fortes, como petr\u00f3leo e g\u00e1s, recursos naturais, constru\u00e7\u00e3o, agricultura, aquicultura, sa\u00fade, entre outros sectores essenciais.&nbsp;<\/p>\n\n\n\n<p>Estou confiante de que, com base na solidariedade tradicional e na boa parceria entre os dois Partidos, surgir\u00e3o mais oportunidades no futuro para fortalecer ainda mais a coopera\u00e7\u00e3o mutuamente ben\u00e9fica entre o PCV e a FRELIMO, bem como entre o Vietname e Mo\u00e7ambique.<\/p>\n","protected":false},"excerpt":{"rendered":"<p>Ao longo do processo de luta pela independ\u00eancia nacional, a Frente de Liberta\u00e7\u00e3o de Mo\u00e7ambique (FRELIMO) e o Partido Comunista do Vietname (PCV) estiveram juntos, unidos e sempre conduzidos pelo esp\u00edrito de solidariedade fraterna e ideal comum, no desenvolvimento dos dois partidos, pa\u00edses e povos.&nbsp; A afirma\u00e7\u00e3o \u00e9 da Embaixadora Extraordin\u00e1ria e Plenipotenci\u00e1ria da Rep\u00fablica &hellip;<\/p>\n","protected":false},"author":2,"featured_media":6181,"comment_status":"open","ping_status":"open","sticky":false,"template":"","format":"standard","meta":{"_jetpack_memberships_contains_paid_content":false,"footnotes":""},"categories":[4],"tags":[],"class_list":["post-6180","post","type-post","status-publish","format-standard","has-post-thumbnail","hentry","category-outras"],"jetpack_featured_media_url":"https:\/\/www.frelimo.org.mz\/wp-content\/uploads\/2026\/01\/IMG-20260108-WA0079.jpg","jetpack_sharing_enabled":true,"_links":{"self":[{"href":"https:\/\/www.frelimo.org.mz\/index.php?rest_route=\/wp\/v2\/posts\/6180","targetHints":{"allow":["GET"]}}],"collection":[{"href":"https:\/\/www.frelimo.org.mz\/index.php?rest_route=\/wp\/v2\/posts"}],"about":[{"href":"https:\/\/www.frelimo.org.mz\/index.php?rest_route=\/wp\/v2\/types\/post"}],"author":[{"embeddable":true,"href":"https:\/\/www.frelimo.org.mz\/index.php?rest_route=\/wp\/v2\/users\/2"}],"replies":[{"embeddable":true,"href":"https:\/\/www.frelimo.org.mz\/index.php?rest_route=%2Fwp%2Fv2%2Fcomments&post=6180"}],"version-history":[{"count":0,"href":"https:\/\/www.frelimo.org.mz\/index.php?rest_route=\/wp\/v2\/posts\/6180\/revisions"}],"wp:featuredmedia":[{"embeddable":true,"href":"https:\/\/www.frelimo.org.mz\/index.php?rest_route=\/wp\/v2\/media\/6181"}],"wp:attachment":[{"href":"https:\/\/www.frelimo.org.mz\/index.php?rest_route=%2Fwp%2Fv2%2Fmedia&parent=6180"}],"wp:term":[{"taxonomy":"category","embeddable":true,"href":"https:\/\/www.frelimo.org.mz\/index.php?rest_route=%2Fwp%2Fv2%2Fcategories&post=6180"},{"taxonomy":"post_tag","embeddable":true,"href":"https:\/\/www.frelimo.org.mz\/index.php?rest_route=%2Fwp%2Fv2%2Ftags&post=6180"}],"curies":[{"name":"wp","href":"https:\/\/api.w.org\/{rel}","templated":true}]}}