{"id":6176,"date":"2026-01-08T10:07:15","date_gmt":"2026-01-08T08:07:15","guid":{"rendered":"https:\/\/www.frelimo.org.mz\/?p=6176"},"modified":"2026-01-08T10:07:18","modified_gmt":"2026-01-08T08:07:18","slug":"sg-da-frelimo-destaca-dedicacao-ao-povo-como-maior-legado-de-alfredo-gamito","status":"publish","type":"post","link":"https:\/\/www.frelimo.org.mz\/?p=6176","title":{"rendered":"SG DA FRELIMO DESTACA DEDICA\u00c7\u00c3O AO POVO COMO MAIOR LEGADO DE ALFREDO GAMITO"},"content":{"rendered":"\n<p><\/p>\n\n\n\n<p>O Secret\u00e1rio-Geral da FRELIMO, Chakil Aboobacar, participou, esta Quarta-feira, em Maputo, nas ex\u00e9quias f\u00fanebres de Alfredo Gamito, membro do Partido e quadro que desempenhou fun\u00e7\u00f5es de relevo ao servi\u00e7o do Estado mo\u00e7ambicano, como as de Ministro, Deputado da Assembleia da Rep\u00fablica e Governador da prov\u00edncia de Nampula, cuja voz se calou para sempre no \u00faltimo Domingo, v\u00edtima de doen\u00e7a.<\/p>\n\n\n\n<p>Na ocasi\u00e3o, Chakil Aboobacar apresentou as mais sentidas condol\u00eancias \u00e0 fam\u00edlia, em nome da direc\u00e7\u00e3o da FRELIMO, sublinhando que a morte de Alfredo Gamito representa uma perda irrepar\u00e1vel de um \u201cgrande homem\u201d que, em vida, se destacou, entre outros aspectos, pela sua dedica\u00e7\u00e3o ao povo.<\/p>\n\n\n\n<p>\u201cEra um quadro que discutia de forma frontal, honesta e aberta a necessidade de maior participa\u00e7\u00e3o da popula\u00e7\u00e3o nos processos de governa\u00e7\u00e3o do pa\u00eds. Esteve sempre preocupado em criar condi\u00e7\u00f5es para que o Povo continuasse a participar na constru\u00e7\u00e3o da nossa Na\u00e7\u00e3o\u201d, destacou.<\/p>\n\n\n\n<p>O Secret\u00e1rio-Geral da FRELIMO frisou que as novas gera\u00e7\u00f5es devem inspirar-se neste legado para a consolida\u00e7\u00e3o do processo de descentraliza\u00e7\u00e3o em curso no pa\u00eds, que constitui um dos aspectos em discuss\u00e3o no \u00e2mbito do Di\u00e1logo Nacional e Inclusivo.<\/p>\n\n\n\n<p>\u201cFoi uma pessoa simples, com uma grande dimens\u00e3o humana e que contribuiu para o desenvolvimento de Mo\u00e7ambique. O Partido e o pa\u00eds, no geral, perdem hoje algu\u00e9m que esteve sempre dispon\u00edvel para ajudar e contribuir com as suas ideias\u201d, lamentou Chakil Aboobacar.<\/p>\n\n\n\n<p>Alfredo Gamito, que morreu aos 84 anos de idade, abra\u00e7ou a causa da FRELIMO desde a sua juventude, tendo dedicado grande parte da sua vida ao servi\u00e7o do Partido e do Estado mo\u00e7ambicano.<\/p>\n","protected":false},"excerpt":{"rendered":"<p>O Secret\u00e1rio-Geral da FRELIMO, Chakil Aboobacar, participou, esta Quarta-feira, em Maputo, nas ex\u00e9quias f\u00fanebres de Alfredo Gamito, membro do Partido e quadro que desempenhou fun\u00e7\u00f5es de relevo ao servi\u00e7o do Estado mo\u00e7ambicano, como as de Ministro, Deputado da Assembleia da Rep\u00fablica e Governador da prov\u00edncia de Nampula, cuja voz se calou para sempre no \u00faltimo &hellip;<\/p>\n","protected":false},"author":2,"featured_media":6177,"comment_status":"open","ping_status":"open","sticky":false,"template":"","format":"standard","meta":{"_jetpack_memberships_contains_paid_content":false,"footnotes":""},"categories":[7],"tags":[],"class_list":["post-6176","post","type-post","status-publish","format-standard","has-post-thumbnail","hentry","category-destaques"],"jetpack_featured_media_url":"https:\/\/www.frelimo.org.mz\/wp-content\/uploads\/2026\/01\/FB_IMG_1767859604021.jpg","jetpack_sharing_enabled":true,"_links":{"self":[{"href":"https:\/\/www.frelimo.org.mz\/index.php?rest_route=\/wp\/v2\/posts\/6176","targetHints":{"allow":["GET"]}}],"collection":[{"href":"https:\/\/www.frelimo.org.mz\/index.php?rest_route=\/wp\/v2\/posts"}],"about":[{"href":"https:\/\/www.frelimo.org.mz\/index.php?rest_route=\/wp\/v2\/types\/post"}],"author":[{"embeddable":true,"href":"https:\/\/www.frelimo.org.mz\/index.php?rest_route=\/wp\/v2\/users\/2"}],"replies":[{"embeddable":true,"href":"https:\/\/www.frelimo.org.mz\/index.php?rest_route=%2Fwp%2Fv2%2Fcomments&post=6176"}],"version-history":[{"count":0,"href":"https:\/\/www.frelimo.org.mz\/index.php?rest_route=\/wp\/v2\/posts\/6176\/revisions"}],"wp:featuredmedia":[{"embeddable":true,"href":"https:\/\/www.frelimo.org.mz\/index.php?rest_route=\/wp\/v2\/media\/6177"}],"wp:attachment":[{"href":"https:\/\/www.frelimo.org.mz\/index.php?rest_route=%2Fwp%2Fv2%2Fmedia&parent=6176"}],"wp:term":[{"taxonomy":"category","embeddable":true,"href":"https:\/\/www.frelimo.org.mz\/index.php?rest_route=%2Fwp%2Fv2%2Fcategories&post=6176"},{"taxonomy":"post_tag","embeddable":true,"href":"https:\/\/www.frelimo.org.mz\/index.php?rest_route=%2Fwp%2Fv2%2Ftags&post=6176"}],"curies":[{"name":"wp","href":"https:\/\/api.w.org\/{rel}","templated":true}]}}