{"id":6103,"date":"2025-12-07T11:46:57","date_gmt":"2025-12-07T09:46:57","guid":{"rendered":"https:\/\/www.frelimo.org.mz\/?p=6103"},"modified":"2025-12-07T11:46:59","modified_gmt":"2025-12-07T09:46:59","slug":"niassa-avanca-com-mais-dialogo-e-melhores-servicos-publicos","status":"publish","type":"post","link":"https:\/\/www.frelimo.org.mz\/?p=6103","title":{"rendered":"NIASSA AVAN\u00c7A COM MAIS DI\u00c1LOGO E MELHORES SERVI\u00c7OS P\u00daBLICOS"},"content":{"rendered":"\n<p>NIASSA AVAN\u00c7A COM MAIS DI\u00c1LOGO E MELHORES SERVI\u00c7OS P\u00daBLICOS<\/p>\n\n\n\n<p>Conclu\u00edmos hoje uma visita de trabalho \u00e0 prov\u00edncia do Niassa, onde refor\u00e7\u00e1mos o contacto directo com as comunidades e monitoriz\u00e1mos a implementa\u00e7\u00e3o dos projectos p\u00fablicos.<\/p>\n\n\n\n<p>Em Lichinga e Cuamba, interagimos com a popula\u00e7\u00e3o, autoridades comunit\u00e1rias, l\u00edderes religiosos e combatentes, ouvindo preocupa\u00e7\u00f5es locais e valorizando o papel de todos na consolida\u00e7\u00e3o da paz, da coes\u00e3o social e do desenvolvimento provincial.<\/p>\n\n\n\n<p>Inaugur\u00e1mos igualmente os novos edif\u00edcios da Dire\u00e7\u00e3o Provincial do Plano e Finan\u00e7as e da Delega\u00e7\u00e3o Provincial da ANE, infra-estruturas que fortalecem a capacidade institucional e melhoram a presta\u00e7\u00e3o de servi\u00e7os ao cidad\u00e3o.<\/p>\n\n\n\n<p>Mo\u00e7ambique avan\u00e7a com proximidade, trabalho e resultados. &#x1f1f2;&#x1f1ff;<br>Vamos Trabalhar.<\/p>\n","protected":false},"excerpt":{"rendered":"<p>NIASSA AVAN\u00c7A COM MAIS DI\u00c1LOGO E MELHORES SERVI\u00c7OS P\u00daBLICOS Conclu\u00edmos hoje uma visita de trabalho \u00e0 prov\u00edncia do Niassa, onde refor\u00e7\u00e1mos o contacto directo com as comunidades e monitoriz\u00e1mos a implementa\u00e7\u00e3o dos projectos p\u00fablicos. Em Lichinga e Cuamba, interagimos com a popula\u00e7\u00e3o, autoridades comunit\u00e1rias, l\u00edderes religiosos e combatentes, ouvindo preocupa\u00e7\u00f5es locais e valorizando o papel &hellip;<\/p>\n","protected":false},"author":2,"featured_media":6104,"comment_status":"open","ping_status":"open","sticky":false,"template":"","format":"standard","meta":{"_jetpack_memberships_contains_paid_content":false,"footnotes":""},"categories":[7],"tags":[],"class_list":["post-6103","post","type-post","status-publish","format-standard","has-post-thumbnail","hentry","category-destaques"],"jetpack_featured_media_url":"https:\/\/www.frelimo.org.mz\/wp-content\/uploads\/2025\/12\/FB_IMG_1765100446075.jpg","jetpack_sharing_enabled":true,"_links":{"self":[{"href":"https:\/\/www.frelimo.org.mz\/index.php?rest_route=\/wp\/v2\/posts\/6103","targetHints":{"allow":["GET"]}}],"collection":[{"href":"https:\/\/www.frelimo.org.mz\/index.php?rest_route=\/wp\/v2\/posts"}],"about":[{"href":"https:\/\/www.frelimo.org.mz\/index.php?rest_route=\/wp\/v2\/types\/post"}],"author":[{"embeddable":true,"href":"https:\/\/www.frelimo.org.mz\/index.php?rest_route=\/wp\/v2\/users\/2"}],"replies":[{"embeddable":true,"href":"https:\/\/www.frelimo.org.mz\/index.php?rest_route=%2Fwp%2Fv2%2Fcomments&post=6103"}],"version-history":[{"count":0,"href":"https:\/\/www.frelimo.org.mz\/index.php?rest_route=\/wp\/v2\/posts\/6103\/revisions"}],"wp:featuredmedia":[{"embeddable":true,"href":"https:\/\/www.frelimo.org.mz\/index.php?rest_route=\/wp\/v2\/media\/6104"}],"wp:attachment":[{"href":"https:\/\/www.frelimo.org.mz\/index.php?rest_route=%2Fwp%2Fv2%2Fmedia&parent=6103"}],"wp:term":[{"taxonomy":"category","embeddable":true,"href":"https:\/\/www.frelimo.org.mz\/index.php?rest_route=%2Fwp%2Fv2%2Fcategories&post=6103"},{"taxonomy":"post_tag","embeddable":true,"href":"https:\/\/www.frelimo.org.mz\/index.php?rest_route=%2Fwp%2Fv2%2Ftags&post=6103"}],"curies":[{"name":"wp","href":"https:\/\/api.w.org\/{rel}","templated":true}]}}