{"id":6097,"date":"2025-12-02T07:43:05","date_gmt":"2025-12-02T05:43:05","guid":{"rendered":"https:\/\/www.frelimo.org.mz\/?p=6097"},"modified":"2025-12-02T07:45:35","modified_gmt":"2025-12-02T05:45:35","slug":"comissao-politica-da-frelimo-reunida-em-59-a-sessao-ordinaria","status":"publish","type":"post","link":"https:\/\/www.frelimo.org.mz\/?p=6097","title":{"rendered":"COMISS\u00c3O POL\u00cdTICA DA FRELIMO REUNIDA EM 59.\u00aa SESS\u00c3O ORDIN\u00c1RIA"},"content":{"rendered":"\n<p><\/p>\n\n\n\n<p>Sob a direc\u00e7\u00e3o do Camarada DANIEL FRANCISCO CHAPO, Presidente da FRELIMO e Presidente da Rep\u00fablica de Mo\u00e7ambique, teve lugar, no dia 01 de Dezembro de 2025, na Sede Nacional da FRELIMO, a 59.\u00aa Sess\u00e3o Ordin\u00e1ria da Comiss\u00e3o Pol\u00edtica que analisou a situa\u00e7\u00e3o pol\u00edtica, econ\u00f3mica e social do pa\u00eds e decis\u00f5es internas do partido:<\/p>\n\n\n\n<ol class=\"wp-block-list\">\n<li>Governa\u00e7\u00e3o<br>\u2022 Destacada a celebra\u00e7\u00e3o dos 18 anos da revers\u00e3o da Barragem de Cahora Bassa, considerada estrat\u00e9gica para a independ\u00eancia econ\u00f3mica.<br>\u2022 O \u00f3rg\u00e3o destacou ainda o decreto que concede a empresas p\u00fablicas nacionais a gest\u00e3o da terminal de GNL da Beira e do gasoduto Mo\u00e7ambique\u2013\u00c1frica do Sul.<br>\u2022 A Comiss\u00e3o Pol\u00edtica regista com satisfa\u00e7\u00e3o o avan\u00e7o do Fundo de Desenvolvimento Econ\u00f3mico Local (FDEL), incentivando o Governo a aprimorar a sua implementa\u00e7\u00e3o para apoiar jovens empreendedores.<\/li>\n\n\n\n<li>Parcerias e Diplomacia<br>\u2022 Real\u00e7ada a visita do Presidente do Brasil, Lula da Silva, resultando em novos acordos em sa\u00fade, educa\u00e7\u00e3o, finan\u00e7as, com\u00e9rcio, justi\u00e7a, florestas e diplomacia.<br>\u2022 Mencionada a atribui\u00e7\u00e3o do t\u00edtulo de Doutor Honoris Causa a Lula pela Universidade Pedag\u00f3gica de Maputo.<br>\u2022 O \u00f3rg\u00e3o m\u00e1ximo do partido enaltece a visita do Presidente do Zimbabwe, Emmerson Mnangagwa, que culminou na 1.\u00aa Comiss\u00e3o Binacional para remo\u00e7\u00e3o de barreiras comerciais e refor\u00e7o da integra\u00e7\u00e3o econ\u00f3mica.<br>\u2022 Enaltecida ainda a participa\u00e7\u00e3o do Presidente Daniel Chapo na 7.\u00aa Cimeira UA\u2013UE em Angola.<\/li>\n\n\n\n<li>Di\u00e1logo Nacional Inclusivo<br>\u2022 A Comiss\u00e3o Pol\u00edtica procedeu \u00e0 aprecia\u00e7\u00e3o do actual est\u00e1gio de ausculta\u00e7\u00e3o, no pa\u00eds e na di\u00e1spora, no \u00e2mbito do Di\u00e1logo Nacional Inclusivo, incentivando a continuidade do processo para constru\u00e7\u00e3o de consenso mais amplo.<\/li>\n\n\n\n<li>Trabalho Pol\u00edtico Interno<br>\u2022 Saudada a Reuni\u00e3o Nacional dos Primeiros Secret\u00e1rios Distritais, realizada no Bilene, centrada no refor\u00e7o da confian\u00e7a popular.<br>\u2022 Refor\u00e7ada a orienta\u00e7\u00e3o para intensifica\u00e7\u00e3o do contacto com as comunidades.<br>\u2022 A Comiss\u00e3o Pol\u00edtica faz um balan\u00e7o positivo das visitas das Brigadas Centrais \u00e0s prov\u00edncias, preparando a 11.\u00aa Reuni\u00e3o Nacional de Quadros (agosto de 2026).<br>\u2022 O \u00f3rg\u00e3o endere\u00e7a felicita\u00e7\u00f5es \u00e0 OJM pelos 48 anos e chamada \u00e0 sua cont\u00ednua adapta\u00e7\u00e3o \u00e0s exig\u00eancias da sociedade.<\/li>\n\n\n\n<li>Distin\u00e7\u00e3o a Joaquim Chissano<br>\u2022 A Comiss\u00e3o Pol\u00edtica felicita o Presidente Honor\u00e1rio da Frelimo, Joaquim Chissano, pela atribui\u00e7\u00e3o do t\u00edtulo de Doutor Honoris Causa pela Universidade Joaquim Chissano, reconhecendo o seu papel na diplomacia, resolu\u00e7\u00e3o de conflitos e desenvolvimento.<\/li>\n\n\n\n<li>Defesa e Seguran\u00e7a<br>\u2022 A Comiss\u00e3o Pol\u00edtica real\u00e7a o encerramento do 13\u00ba curso do Servi\u00e7o C\u00edvico, dirigido pelo Presidente Daniel Chapo, em Montepuez, destacando o patriotismo dos graduados.<br>\u2022 Regista com satisfa\u00e7\u00e3o a presen\u00e7a do Comandante-Chefe das FDS no Teatro Operacional Norte para encorajar as For\u00e7as de Defesa e Seguran\u00e7a e a For\u00e7a Local na conten\u00e7\u00e3o da amea\u00e7a terrorista.<\/li>\n<\/ol>\n\n\n\n<div data-wp-interactive=\"core\/file\" class=\"wp-block-file\"><object data-wp-bind--hidden=\"!state.hasPdfPreview\" hidden class=\"wp-block-file__embed\" data=\"https:\/\/www.frelimo.org.mz\/wp-content\/uploads\/2025\/12\/COMUNICADO-CP59-2025.pdf\" type=\"application\/pdf\" style=\"width:100%;height:600px\" aria-label=\"Incorpora\u00e7\u00e3o de COMUNICADO CP59  2025.\"><\/object><a id=\"wp-block-file--media-d02058a7-b6f9-4a21-9514-d22936fbfbed\" href=\"https:\/\/www.frelimo.org.mz\/wp-content\/uploads\/2025\/12\/COMUNICADO-CP59-2025.pdf\">COMUNICADO CP59  2025<\/a><a href=\"https:\/\/www.frelimo.org.mz\/wp-content\/uploads\/2025\/12\/COMUNICADO-CP59-2025.pdf\" class=\"wp-block-file__button wp-element-button\" download aria-describedby=\"wp-block-file--media-d02058a7-b6f9-4a21-9514-d22936fbfbed\">Descarregar<\/a><\/div>\n","protected":false},"excerpt":{"rendered":"<p>Sob a direc\u00e7\u00e3o do Camarada DANIEL FRANCISCO CHAPO, Presidente da FRELIMO e Presidente da Rep\u00fablica de Mo\u00e7ambique, teve lugar, no dia 01 de Dezembro de 2025, na Sede Nacional da FRELIMO, a 59.\u00aa Sess\u00e3o Ordin\u00e1ria da Comiss\u00e3o Pol\u00edtica que analisou a situa\u00e7\u00e3o pol\u00edtica, econ\u00f3mica e social do pa\u00eds e decis\u00f5es internas do partido: Governa\u00e7\u00e3o\u2022 Destacada &hellip;<\/p>\n","protected":false},"author":2,"featured_media":6098,"comment_status":"open","ping_status":"open","sticky":false,"template":"","format":"standard","meta":{"_jetpack_memberships_contains_paid_content":false,"footnotes":""},"categories":[7],"tags":[],"class_list":["post-6097","post","type-post","status-publish","format-standard","has-post-thumbnail","hentry","category-destaques"],"jetpack_featured_media_url":"https:\/\/www.frelimo.org.mz\/wp-content\/uploads\/2025\/12\/FB_IMG_1764654116575.jpg","jetpack_sharing_enabled":true,"_links":{"self":[{"href":"https:\/\/www.frelimo.org.mz\/index.php?rest_route=\/wp\/v2\/posts\/6097","targetHints":{"allow":["GET"]}}],"collection":[{"href":"https:\/\/www.frelimo.org.mz\/index.php?rest_route=\/wp\/v2\/posts"}],"about":[{"href":"https:\/\/www.frelimo.org.mz\/index.php?rest_route=\/wp\/v2\/types\/post"}],"author":[{"embeddable":true,"href":"https:\/\/www.frelimo.org.mz\/index.php?rest_route=\/wp\/v2\/users\/2"}],"replies":[{"embeddable":true,"href":"https:\/\/www.frelimo.org.mz\/index.php?rest_route=%2Fwp%2Fv2%2Fcomments&post=6097"}],"version-history":[{"count":2,"href":"https:\/\/www.frelimo.org.mz\/index.php?rest_route=\/wp\/v2\/posts\/6097\/revisions"}],"predecessor-version":[{"id":6102,"href":"https:\/\/www.frelimo.org.mz\/index.php?rest_route=\/wp\/v2\/posts\/6097\/revisions\/6102"}],"wp:featuredmedia":[{"embeddable":true,"href":"https:\/\/www.frelimo.org.mz\/index.php?rest_route=\/wp\/v2\/media\/6098"}],"wp:attachment":[{"href":"https:\/\/www.frelimo.org.mz\/index.php?rest_route=%2Fwp%2Fv2%2Fmedia&parent=6097"}],"wp:term":[{"taxonomy":"category","embeddable":true,"href":"https:\/\/www.frelimo.org.mz\/index.php?rest_route=%2Fwp%2Fv2%2Fcategories&post=6097"},{"taxonomy":"post_tag","embeddable":true,"href":"https:\/\/www.frelimo.org.mz\/index.php?rest_route=%2Fwp%2Fv2%2Ftags&post=6097"}],"curies":[{"name":"wp","href":"https:\/\/api.w.org\/{rel}","templated":true}]}}