{"id":6089,"date":"2025-11-30T10:06:43","date_gmt":"2025-11-30T08:06:43","guid":{"rendered":"https:\/\/www.frelimo.org.mz\/?p=6089"},"modified":"2025-11-30T10:06:46","modified_gmt":"2025-11-30T08:06:46","slug":"feira-expoe-potencial-da-juventude-nas-celebracoes-do-48-o-aniversario-da-ojm","status":"publish","type":"post","link":"https:\/\/www.frelimo.org.mz\/?p=6089","title":{"rendered":"FEIRA EXP\u00d5E POTENCIAL DA JUVENTUDE NAS CELEBRA\u00c7\u00d5ES DO 48.\u00ba ANIVERS\u00c1RIO DA OJM"},"content":{"rendered":"\n<p>FEIRA EXP\u00d5E POTENCIAL DA JUVENTUDE NAS CELEBRA\u00c7\u00d5ES DO 48.\u00ba ANIVERS\u00c1RIO DA OJM<\/p>\n\n\n\n<p>O Secret\u00e1rio-Geral da FRELIMO, Chakil Aboobacar, manifestou-se vivamente impressionado ao visitar a Feira onde jovens empreendedores exp\u00f5em diversos produtos, no recinto que acolhe a cerim\u00f3nia central das comemora\u00e7\u00f5es dos 48 anos da Organiza\u00e7\u00e3o da Juventude Mo\u00e7ambicana (OJM), na cidade de Tete.<\/p>\n\n\n\n<p>Durante a visita, Aboobacar manteve um di\u00e1logo pr\u00f3ximo com os expositores, procurando inteirar-se sobre a origem, o processo de produ\u00e7\u00e3o e a finalidade dos artigos apresentados, maioritariamente ligados \u00e0 Gastronomia local e a iniciativas de empreendedorismo juvenil que revelam criatividade, resili\u00eancia e capacidade de inova\u00e7\u00e3o.<\/p>\n\n\n\n<p>O Secret\u00e1rio-Geral felicitou a organiza\u00e7\u00e3o pela iniciativa, que integra igualmente a presta\u00e7\u00e3o de servi\u00e7os de sa\u00fade, tais como a testagem do HIV\/SIDA e a medi\u00e7\u00e3o da press\u00e3o arterial. Reconheceu, ainda, que a Feira demonstra de forma exemplar o potencial da juventude mo\u00e7ambicana em assumir a transforma\u00e7\u00e3o social e econ\u00f3mica do pa\u00eds, atrav\u00e9s de talento, vis\u00e3o e esp\u00edrito empreendedor.<\/p>\n\n\n\n<p>Chakil Aboobacar sublinhou que eventos desta natureza devem ser continuamente refor\u00e7ados, por constitu\u00edrem espa\u00e7os privilegiados de est\u00edmulo \u00e0 participa\u00e7\u00e3o activa dos jovens, ao interc\u00e2mbio de experi\u00eancias e \u00e0 consolida\u00e7\u00e3o de um movimento juvenil cada vez mais comprometido com o desenvolvimento nacional.<\/p>\n","protected":false},"excerpt":{"rendered":"<p>FEIRA EXP\u00d5E POTENCIAL DA JUVENTUDE NAS CELEBRA\u00c7\u00d5ES DO 48.\u00ba ANIVERS\u00c1RIO DA OJM O Secret\u00e1rio-Geral da FRELIMO, Chakil Aboobacar, manifestou-se vivamente impressionado ao visitar a Feira onde jovens empreendedores exp\u00f5em diversos produtos, no recinto que acolhe a cerim\u00f3nia central das comemora\u00e7\u00f5es dos 48 anos da Organiza\u00e7\u00e3o da Juventude Mo\u00e7ambicana (OJM), na cidade de Tete. Durante a &hellip;<\/p>\n","protected":false},"author":2,"featured_media":6090,"comment_status":"open","ping_status":"open","sticky":false,"template":"","format":"standard","meta":{"_jetpack_memberships_contains_paid_content":false,"footnotes":""},"categories":[7],"tags":[],"class_list":["post-6089","post","type-post","status-publish","format-standard","has-post-thumbnail","hentry","category-destaques"],"jetpack_featured_media_url":"https:\/\/www.frelimo.org.mz\/wp-content\/uploads\/2025\/11\/FB_IMG_1764489839477.jpg","jetpack_sharing_enabled":true,"_links":{"self":[{"href":"https:\/\/www.frelimo.org.mz\/index.php?rest_route=\/wp\/v2\/posts\/6089","targetHints":{"allow":["GET"]}}],"collection":[{"href":"https:\/\/www.frelimo.org.mz\/index.php?rest_route=\/wp\/v2\/posts"}],"about":[{"href":"https:\/\/www.frelimo.org.mz\/index.php?rest_route=\/wp\/v2\/types\/post"}],"author":[{"embeddable":true,"href":"https:\/\/www.frelimo.org.mz\/index.php?rest_route=\/wp\/v2\/users\/2"}],"replies":[{"embeddable":true,"href":"https:\/\/www.frelimo.org.mz\/index.php?rest_route=%2Fwp%2Fv2%2Fcomments&post=6089"}],"version-history":[{"count":1,"href":"https:\/\/www.frelimo.org.mz\/index.php?rest_route=\/wp\/v2\/posts\/6089\/revisions"}],"predecessor-version":[{"id":6091,"href":"https:\/\/www.frelimo.org.mz\/index.php?rest_route=\/wp\/v2\/posts\/6089\/revisions\/6091"}],"wp:featuredmedia":[{"embeddable":true,"href":"https:\/\/www.frelimo.org.mz\/index.php?rest_route=\/wp\/v2\/media\/6090"}],"wp:attachment":[{"href":"https:\/\/www.frelimo.org.mz\/index.php?rest_route=%2Fwp%2Fv2%2Fmedia&parent=6089"}],"wp:term":[{"taxonomy":"category","embeddable":true,"href":"https:\/\/www.frelimo.org.mz\/index.php?rest_route=%2Fwp%2Fv2%2Fcategories&post=6089"},{"taxonomy":"post_tag","embeddable":true,"href":"https:\/\/www.frelimo.org.mz\/index.php?rest_route=%2Fwp%2Fv2%2Ftags&post=6089"}],"curies":[{"name":"wp","href":"https:\/\/api.w.org\/{rel}","templated":true}]}}