{"id":6081,"date":"2025-11-29T07:39:34","date_gmt":"2025-11-29T05:39:34","guid":{"rendered":"https:\/\/www.frelimo.org.mz\/?p=6081"},"modified":"2025-11-29T07:39:37","modified_gmt":"2025-11-29T05:39:37","slug":"chakil-aboobacar-nas-celebracoes-dos-48-anos-da-ojm-em-tete","status":"publish","type":"post","link":"https:\/\/www.frelimo.org.mz\/?p=6081","title":{"rendered":"CHAKIL ABOOBACAR NAS CELEBRA\u00c7\u00d5ES DOS 48 ANOS DA OJM EM TETE"},"content":{"rendered":"\n<p><\/p>\n\n\n\n<p>O Secret\u00e1rio-Geral da FRELIMO, Chakil Aboobacar, chegou, ao fim desta Sexta-feira, \u00e0 cidade de Tete, onde ir\u00e1 participar, amanh\u00e3, 29 de Novembro, na cerim\u00f3nia central alusiva ao 48.\u00ba anivers\u00e1rio da Organiza\u00e7\u00e3o da Juventude Mo\u00e7ambicana (OJM).<\/p>\n\n\n\n<p>\u00c0 sua chegada, Aboobacar foi recebido num ambiente de festa, marcado por c\u00e2nticos, manifesta\u00e7\u00f5es de alegria e demonstra\u00e7\u00f5es de firme unidade dos membros do Partido e da popula\u00e7\u00e3o local, que acorreram em grande n\u00famero para saudar a presen\u00e7a do dirigente.<\/p>\n\n\n\n<p>A celebra\u00e7\u00e3o dos 48 anos da OJM representa um marco de profundo simbolismo na hist\u00f3ria do movimento juvenil mo\u00e7ambicano, reafirmando o compromisso da Juventude da FRELIMO com os valores de patriotismo, disciplina, solidariedade e servi\u00e7o \u00e0s comunidades.<\/p>\n\n\n\n<p>A cerim\u00f3nia central, que ser\u00e1 dirigida pelo Presidente da FRELIMO e Presidente da Rep\u00fablica de Mo\u00e7ambique, Daniel Francisco Chapo, incluir\u00e1 momentos de reflex\u00e3o sobre os desafios actuais da juventude, bem como a apresenta\u00e7\u00e3o de iniciativas destinadas a refor\u00e7ar a participa\u00e7\u00e3o activa dos jovens na vida pol\u00edtica, econ\u00f3mica e social do pa\u00eds.<\/p>\n","protected":false},"excerpt":{"rendered":"<p>O Secret\u00e1rio-Geral da FRELIMO, Chakil Aboobacar, chegou, ao fim desta Sexta-feira, \u00e0 cidade de Tete, onde ir\u00e1 participar, amanh\u00e3, 29 de Novembro, na cerim\u00f3nia central alusiva ao 48.\u00ba anivers\u00e1rio da Organiza\u00e7\u00e3o da Juventude Mo\u00e7ambicana (OJM). \u00c0 sua chegada, Aboobacar foi recebido num ambiente de festa, marcado por c\u00e2nticos, manifesta\u00e7\u00f5es de alegria e demonstra\u00e7\u00f5es de firme &hellip;<\/p>\n","protected":false},"author":2,"featured_media":6082,"comment_status":"open","ping_status":"open","sticky":false,"template":"","format":"standard","meta":{"_jetpack_memberships_contains_paid_content":false,"footnotes":""},"categories":[7],"tags":[],"class_list":["post-6081","post","type-post","status-publish","format-standard","has-post-thumbnail","hentry","category-destaques"],"jetpack_featured_media_url":"https:\/\/www.frelimo.org.mz\/wp-content\/uploads\/2025\/11\/FB_IMG_1764394643197.jpg","jetpack_sharing_enabled":true,"_links":{"self":[{"href":"https:\/\/www.frelimo.org.mz\/index.php?rest_route=\/wp\/v2\/posts\/6081","targetHints":{"allow":["GET"]}}],"collection":[{"href":"https:\/\/www.frelimo.org.mz\/index.php?rest_route=\/wp\/v2\/posts"}],"about":[{"href":"https:\/\/www.frelimo.org.mz\/index.php?rest_route=\/wp\/v2\/types\/post"}],"author":[{"embeddable":true,"href":"https:\/\/www.frelimo.org.mz\/index.php?rest_route=\/wp\/v2\/users\/2"}],"replies":[{"embeddable":true,"href":"https:\/\/www.frelimo.org.mz\/index.php?rest_route=%2Fwp%2Fv2%2Fcomments&post=6081"}],"version-history":[{"count":0,"href":"https:\/\/www.frelimo.org.mz\/index.php?rest_route=\/wp\/v2\/posts\/6081\/revisions"}],"wp:featuredmedia":[{"embeddable":true,"href":"https:\/\/www.frelimo.org.mz\/index.php?rest_route=\/wp\/v2\/media\/6082"}],"wp:attachment":[{"href":"https:\/\/www.frelimo.org.mz\/index.php?rest_route=%2Fwp%2Fv2%2Fmedia&parent=6081"}],"wp:term":[{"taxonomy":"category","embeddable":true,"href":"https:\/\/www.frelimo.org.mz\/index.php?rest_route=%2Fwp%2Fv2%2Fcategories&post=6081"},{"taxonomy":"post_tag","embeddable":true,"href":"https:\/\/www.frelimo.org.mz\/index.php?rest_route=%2Fwp%2Fv2%2Ftags&post=6081"}],"curies":[{"name":"wp","href":"https:\/\/api.w.org\/{rel}","templated":true}]}}