{"id":5973,"date":"2025-10-18T17:12:10","date_gmt":"2025-10-18T15:12:10","guid":{"rendered":"https:\/\/www.frelimo.org.mz\/?p=5973"},"modified":"2025-10-18T17:12:12","modified_gmt":"2025-10-18T15:12:12","slug":"novo-acordo-dinamiza-cooperacao-entre-a-frelimo-e-o-mpla","status":"publish","type":"post","link":"https:\/\/www.frelimo.org.mz\/?p=5973","title":{"rendered":"NOVO ACORDO DINAMIZA COOPERA\u00c7\u00c3O ENTRE A FRELIMO E O MPLA"},"content":{"rendered":"\n<p><\/p>\n\n\n\n<p>O Secret\u00e1rio-Geral da FRELIMO, Chakil Aboobacar, e o seu hom\u00f3logo do Movimento Popular para a Liberta\u00e7\u00e3o de Angola(MPLA), Paulo Pombolo, rubricaram, esta Sexta-feira, em Luanda, um acordo que define directrizes de coopera\u00e7\u00e3o com o objectivo de promover e refor\u00e7ar as hist\u00f3ricas rela\u00e7\u00f5es de amizade e solidariedade entre os dois Partidos.<\/p>\n\n\n\n<p>O instrumento exalta a confian\u00e7a m\u00fatua entre estas forma\u00e7\u00f5es pol\u00edticas, que suportam a m\u00e1quina governativa dos respectivos pa\u00edses, e vai contribuir significativamente para a consolida\u00e7\u00e3o da amizade entre os povos de Mo\u00e7ambique e Angola, bem como para o refor\u00e7o da coopera\u00e7\u00e3o bilateral em diferentes dom\u00ednios.<\/p>\n\n\n\n<p>\u00c0 luz do acordo, ora assinado num ambiente de elevado simbolismo, a FRELIMO e o MPLA comprometem-se a trocar, com maior regularidade, experi\u00eancias sobre a organiza\u00e7\u00e3o e funcionamento dos Partidos com base na realidade de cada um dos pa\u00edses.<\/p>\n\n\n\n<p>Igualmente, esta nova linha de parceria prev\u00ea refor\u00e7ar a coopera\u00e7\u00e3o no dom\u00ednio das organiza\u00e7\u00f5es sociais e de massas, com particular destaque para as mulheres, jovens e antigos combatentes, de modo a contribuir para a promo\u00e7\u00e3o da solidariedade m\u00fatua.<\/p>\n","protected":false},"excerpt":{"rendered":"<p>O Secret\u00e1rio-Geral da FRELIMO, Chakil Aboobacar, e o seu hom\u00f3logo do Movimento Popular para a Liberta\u00e7\u00e3o de Angola(MPLA), Paulo Pombolo, rubricaram, esta Sexta-feira, em Luanda, um acordo que define directrizes de coopera\u00e7\u00e3o com o objectivo de promover e refor\u00e7ar as hist\u00f3ricas rela\u00e7\u00f5es de amizade e solidariedade entre os dois Partidos. O instrumento exalta a confian\u00e7a &hellip;<\/p>\n","protected":false},"author":2,"featured_media":5974,"comment_status":"closed","ping_status":"open","sticky":false,"template":"","format":"standard","meta":{"_jetpack_memberships_contains_paid_content":false,"footnotes":""},"categories":[7],"tags":[],"class_list":["post-5973","post","type-post","status-publish","format-standard","has-post-thumbnail","hentry","category-destaques"],"jetpack_featured_media_url":"https:\/\/www.frelimo.org.mz\/wp-content\/uploads\/2025\/10\/FB_IMG_1760800299946.jpg","jetpack_sharing_enabled":true,"_links":{"self":[{"href":"https:\/\/www.frelimo.org.mz\/index.php?rest_route=\/wp\/v2\/posts\/5973","targetHints":{"allow":["GET"]}}],"collection":[{"href":"https:\/\/www.frelimo.org.mz\/index.php?rest_route=\/wp\/v2\/posts"}],"about":[{"href":"https:\/\/www.frelimo.org.mz\/index.php?rest_route=\/wp\/v2\/types\/post"}],"author":[{"embeddable":true,"href":"https:\/\/www.frelimo.org.mz\/index.php?rest_route=\/wp\/v2\/users\/2"}],"replies":[{"embeddable":true,"href":"https:\/\/www.frelimo.org.mz\/index.php?rest_route=%2Fwp%2Fv2%2Fcomments&post=5973"}],"version-history":[{"count":0,"href":"https:\/\/www.frelimo.org.mz\/index.php?rest_route=\/wp\/v2\/posts\/5973\/revisions"}],"wp:featuredmedia":[{"embeddable":true,"href":"https:\/\/www.frelimo.org.mz\/index.php?rest_route=\/wp\/v2\/media\/5974"}],"wp:attachment":[{"href":"https:\/\/www.frelimo.org.mz\/index.php?rest_route=%2Fwp%2Fv2%2Fmedia&parent=5973"}],"wp:term":[{"taxonomy":"category","embeddable":true,"href":"https:\/\/www.frelimo.org.mz\/index.php?rest_route=%2Fwp%2Fv2%2Fcategories&post=5973"},{"taxonomy":"post_tag","embeddable":true,"href":"https:\/\/www.frelimo.org.mz\/index.php?rest_route=%2Fwp%2Fv2%2Ftags&post=5973"}],"curies":[{"name":"wp","href":"https:\/\/api.w.org\/{rel}","templated":true}]}}