{"id":5969,"date":"2025-10-18T02:54:33","date_gmt":"2025-10-18T00:54:33","guid":{"rendered":"https:\/\/www.frelimo.org.mz\/?p=5969"},"modified":"2025-10-18T02:54:36","modified_gmt":"2025-10-18T00:54:36","slug":"frelimo-e-mpla-reafirmam-irmandade-historica-e-compromisso-com-o-futuro-de-africa","status":"publish","type":"post","link":"https:\/\/www.frelimo.org.mz\/?p=5969","title":{"rendered":"FRELIMO E MPLA REAFIRMAM IRMANDADE HIST\u00d3RICA E COMPROMISSO COM O FUTURO DE \u00c1FRICA"},"content":{"rendered":"\n<p>FRELIMO E MPLA REAFIRMAM IRMANDADE HIST\u00d3RICA E COMPROMISSO COM O FUTURO DE \u00c1FRICA<\/p>\n\n\n\n<p>O Secret\u00e1rio-Geral da FRELIMO, Chakil Aboobacar, foi recebido esta sexta-feira, em Luanda, pelo Presidente da Rep\u00fablica de Angola e l\u00edder do Movimento Popular para a Liberta\u00e7\u00e3o de Angola (MPLA), Jo\u00e3o Louren\u00e7o, no \u00e2mbito da visita oficial que o dirigente mo\u00e7ambicano efectua ao pa\u00eds irm\u00e3o, com o qual Mo\u00e7ambique mant\u00e9m la\u00e7os hist\u00f3ricos de coopera\u00e7\u00e3o e solidariedade.<\/p>\n\n\n\n<p>Durante a audi\u00eancia, os dois dirigentes abordaram quest\u00f5es relacionadas com o refor\u00e7o das rela\u00e7\u00f5es bilaterais entre os respectivos partidos, cuja alian\u00e7a remonta ao per\u00edodo das lutas de liberta\u00e7\u00e3o nacional contra o colonialismo.<\/p>\n\n\n\n<p>A conversa centrou-se igualmente nos desafios contempor\u00e2neos que os dois pa\u00edses enfrentam, tendo sido sublinhada a import\u00e2ncia de aprofundar os mecanismos de coopera\u00e7\u00e3o pol\u00edtica, econ\u00f3mica e social entre Angola e Mo\u00e7ambique.<\/p>\n\n\n\n<p>Na ocasi\u00e3o, Chakil Aboobacar transmitiu ao Presidente Jo\u00e3o Louren\u00e7o as calorosas sauda\u00e7\u00f5es do Presidente da FRELIMO e da Rep\u00fablica de Mo\u00e7ambique, Daniel Chapo, a quem descreveu como \u201camigo inquestion\u00e1vel do povo angolano\u201d.<\/p>\n\n\n\n<p>\u201cO Presidente Chapo enviou-me com uma mensagem de amizade e de compromisso renovado com os ideais que unem os nossos povos. A FRELIMO e o MPLA s\u00e3o partidos irm\u00e3os, forjados na luta pela liberdade e pela dignidade dos africanos\u201d, declarou.<\/p>\n\n\n\n<p>O Secret\u00e1rio-Geral da FRELIMO destacou, ainda, que a reuni\u00e3o serviu para reafirmar a vontade comum de aprofundar os la\u00e7os de coopera\u00e7\u00e3o partid\u00e1ria e governamental, sobretudo num contexto marcado por m\u00faltiplas adversidades que desafiam a estabilidade social, a paz e a unidade em ambos os pa\u00edses.<\/p>\n\n\n\n<p>\u201cH\u00e1 necessidade de consolidar os nossos interc\u00e2mbios, sobretudo nas \u00e1reas da forma\u00e7\u00e3o pol\u00edtica, da juventude e da promo\u00e7\u00e3o da paz e estabilidade na regi\u00e3o. Angola e Mo\u00e7ambique t\u00eam responsabilidades acrescidas na constru\u00e7\u00e3o de uma \u00c1frica mais unida e desenvolvida\u201d, acrescentou.<\/p>\n\n\n\n<p>Por seu turno, o Presidente Jo\u00e3o Louren\u00e7o enalteceu a visita de Chakil Aboobacar como um gesto de irmandade e respeito m\u00fatuo. \u201cRecebemos com grande apre\u00e7o esta delega\u00e7\u00e3o da FRELIMO, que representa um parceiro hist\u00f3rico do MPLA. Os nossos partidos t\u00eam uma traject\u00f3ria comum de luta e de constru\u00e7\u00e3o nacional, e \u00e9 nosso dever preservar e fortalecer essa heran\u00e7a\u201d, afirmou o Chefe de Estado angolano.<\/p>\n\n\n\n<p>Ainda esta sexta-feira, antes do encontro com o Presidente Jo\u00e3o Louren\u00e7o, Chakil Aboobacar prestou homenagem aos her\u00f3is angolanos, depositando uma coroa de flores no Monumento do Soldado Desconhecido. O gesto simb\u00f3lico foi seguido de uma reuni\u00e3o com a Vice-Presidente do MPLA, Mara Quiosa, durante a qual tamb\u00e9m foram abordadas quest\u00f5es de coopera\u00e7\u00e3o partid\u00e1ria, com destaque para o papel da juventude e das mulheres na consolida\u00e7\u00e3o dos ideais de liberdade e progresso.<\/p>\n","protected":false},"excerpt":{"rendered":"<p>FRELIMO E MPLA REAFIRMAM IRMANDADE HIST\u00d3RICA E COMPROMISSO COM O FUTURO DE \u00c1FRICA O Secret\u00e1rio-Geral da FRELIMO, Chakil Aboobacar, foi recebido esta sexta-feira, em Luanda, pelo Presidente da Rep\u00fablica de Angola e l\u00edder do Movimento Popular para a Liberta\u00e7\u00e3o de Angola (MPLA), Jo\u00e3o Louren\u00e7o, no \u00e2mbito da visita oficial que o dirigente mo\u00e7ambicano efectua ao &hellip;<\/p>\n","protected":false},"author":2,"featured_media":5970,"comment_status":"closed","ping_status":"open","sticky":false,"template":"","format":"standard","meta":{"_jetpack_memberships_contains_paid_content":false,"footnotes":""},"categories":[7],"tags":[],"class_list":["post-5969","post","type-post","status-publish","format-standard","has-post-thumbnail","hentry","category-destaques"],"jetpack_featured_media_url":"https:\/\/www.frelimo.org.mz\/wp-content\/uploads\/2025\/10\/FB_IMG_1760748544573.jpg","jetpack_sharing_enabled":true,"_links":{"self":[{"href":"https:\/\/www.frelimo.org.mz\/index.php?rest_route=\/wp\/v2\/posts\/5969","targetHints":{"allow":["GET"]}}],"collection":[{"href":"https:\/\/www.frelimo.org.mz\/index.php?rest_route=\/wp\/v2\/posts"}],"about":[{"href":"https:\/\/www.frelimo.org.mz\/index.php?rest_route=\/wp\/v2\/types\/post"}],"author":[{"embeddable":true,"href":"https:\/\/www.frelimo.org.mz\/index.php?rest_route=\/wp\/v2\/users\/2"}],"replies":[{"embeddable":true,"href":"https:\/\/www.frelimo.org.mz\/index.php?rest_route=%2Fwp%2Fv2%2Fcomments&post=5969"}],"version-history":[{"count":1,"href":"https:\/\/www.frelimo.org.mz\/index.php?rest_route=\/wp\/v2\/posts\/5969\/revisions"}],"predecessor-version":[{"id":5971,"href":"https:\/\/www.frelimo.org.mz\/index.php?rest_route=\/wp\/v2\/posts\/5969\/revisions\/5971"}],"wp:featuredmedia":[{"embeddable":true,"href":"https:\/\/www.frelimo.org.mz\/index.php?rest_route=\/wp\/v2\/media\/5970"}],"wp:attachment":[{"href":"https:\/\/www.frelimo.org.mz\/index.php?rest_route=%2Fwp%2Fv2%2Fmedia&parent=5969"}],"wp:term":[{"taxonomy":"category","embeddable":true,"href":"https:\/\/www.frelimo.org.mz\/index.php?rest_route=%2Fwp%2Fv2%2Fcategories&post=5969"},{"taxonomy":"post_tag","embeddable":true,"href":"https:\/\/www.frelimo.org.mz\/index.php?rest_route=%2Fwp%2Fv2%2Ftags&post=5969"}],"curies":[{"name":"wp","href":"https:\/\/api.w.org\/{rel}","templated":true}]}}