{"id":5965,"date":"2025-10-17T15:15:15","date_gmt":"2025-10-17T13:15:15","guid":{"rendered":"https:\/\/www.frelimo.org.mz\/?p=5965"},"modified":"2025-10-17T15:15:17","modified_gmt":"2025-10-17T13:15:17","slug":"chakil-aboobacar-iniciou-esta-manha-a-sua-agenda-oficial-com-a-deposicao-de-uma-coroa-de-flores-no-monumento-do-soldado-desconhecido","status":"publish","type":"post","link":"https:\/\/www.frelimo.org.mz\/?p=5965","title":{"rendered":"Chakil Aboobacar, iniciou esta manh\u00e3 a sua agenda oficial com a deposi\u00e7\u00e3o de uma coroa de flores no Monumento do Soldado Desconhecido"},"content":{"rendered":"\n<p>No \u00e2mbito da sua visita de trabalho \u00e0 Rep\u00fablica de Angola, pa\u00eds irm\u00e3o, o Secret\u00e1rio-Geral da FRELIMO, <em>Chakil Aboobacar<\/em>, iniciou esta manh\u00e3 a sua agenda oficial com a deposi\u00e7\u00e3o de uma coroa de flores no Monumento do Soldado Desconhecido, em homenagem aos her\u00f3is da p\u00e1tria angolana. Este gesto simb\u00f3lico reafirma os la\u00e7os hist\u00f3ricos de solidariedade e respeito m\u00fatuo entre os povos de Mo\u00e7ambique e Angola.<\/p>\n\n\n\n<p>Seguidamente, o Secret\u00e1rio-Geral foi recebido em audi\u00eancia pela Camarada Mara Quiosa, Vice-Presidente do MPLA, num encontro marcado por cordialidade e esp\u00edrito de coopera\u00e7\u00e3o.<\/p>\n","protected":false},"excerpt":{"rendered":"<p>No \u00e2mbito da sua visita de trabalho \u00e0 Rep\u00fablica de Angola, pa\u00eds irm\u00e3o, o Secret\u00e1rio-Geral da FRELIMO, Chakil Aboobacar, iniciou esta manh\u00e3 a sua agenda oficial com a deposi\u00e7\u00e3o de uma coroa de flores no Monumento do Soldado Desconhecido, em homenagem aos her\u00f3is da p\u00e1tria angolana. Este gesto simb\u00f3lico reafirma os la\u00e7os hist\u00f3ricos de solidariedade &hellip;<\/p>\n","protected":false},"author":2,"featured_media":5966,"comment_status":"closed","ping_status":"open","sticky":false,"template":"","format":"standard","meta":{"_jetpack_memberships_contains_paid_content":false,"footnotes":""},"categories":[7],"tags":[],"class_list":["post-5965","post","type-post","status-publish","format-standard","has-post-thumbnail","hentry","category-destaques"],"jetpack_featured_media_url":"https:\/\/www.frelimo.org.mz\/wp-content\/uploads\/2025\/10\/FB_IMG_1760706821593.jpg","jetpack_sharing_enabled":true,"_links":{"self":[{"href":"https:\/\/www.frelimo.org.mz\/index.php?rest_route=\/wp\/v2\/posts\/5965","targetHints":{"allow":["GET"]}}],"collection":[{"href":"https:\/\/www.frelimo.org.mz\/index.php?rest_route=\/wp\/v2\/posts"}],"about":[{"href":"https:\/\/www.frelimo.org.mz\/index.php?rest_route=\/wp\/v2\/types\/post"}],"author":[{"embeddable":true,"href":"https:\/\/www.frelimo.org.mz\/index.php?rest_route=\/wp\/v2\/users\/2"}],"replies":[{"embeddable":true,"href":"https:\/\/www.frelimo.org.mz\/index.php?rest_route=%2Fwp%2Fv2%2Fcomments&post=5965"}],"version-history":[{"count":0,"href":"https:\/\/www.frelimo.org.mz\/index.php?rest_route=\/wp\/v2\/posts\/5965\/revisions"}],"wp:featuredmedia":[{"embeddable":true,"href":"https:\/\/www.frelimo.org.mz\/index.php?rest_route=\/wp\/v2\/media\/5966"}],"wp:attachment":[{"href":"https:\/\/www.frelimo.org.mz\/index.php?rest_route=%2Fwp%2Fv2%2Fmedia&parent=5965"}],"wp:term":[{"taxonomy":"category","embeddable":true,"href":"https:\/\/www.frelimo.org.mz\/index.php?rest_route=%2Fwp%2Fv2%2Fcategories&post=5965"},{"taxonomy":"post_tag","embeddable":true,"href":"https:\/\/www.frelimo.org.mz\/index.php?rest_route=%2Fwp%2Fv2%2Ftags&post=5965"}],"curies":[{"name":"wp","href":"https:\/\/api.w.org\/{rel}","templated":true}]}}