{"id":5962,"date":"2025-10-17T02:39:29","date_gmt":"2025-10-17T00:39:29","guid":{"rendered":"https:\/\/www.frelimo.org.mz\/?p=5962"},"modified":"2025-10-17T02:39:31","modified_gmt":"2025-10-17T00:39:31","slug":"o-secretario-geral-da-frelimo-chakil-aboobacar-chegou-a-luanda-capital-de-angola","status":"publish","type":"post","link":"https:\/\/www.frelimo.org.mz\/?p=5962","title":{"rendered":"O Secret\u00e1rio-Geral da FRELIMO, Chakil Aboobacar, chegou a Luanda, capital de Angola"},"content":{"rendered":"\n<p>O Secret\u00e1rio-Geral da FRELIMO, Chakil Aboobacar, chegou a Luanda, capital de Angola, na noite desta quinta-feira, no quadro da visita de trabalho que efectua a este pa\u00eds irm\u00e3o.<\/p>\n\n\n\n<p>\u00c0 sua chegada, <em>Aboobacar<\/em> foi recebido por uma delega\u00e7\u00e3o de alto n\u00edvel do Movimento Popular para a Liberta\u00e7\u00e3o de Angola (MPLA), liderada pelo respectivo Secret\u00e1rio-Geral, Paulo Pombolo, refor\u00e7ando o simbolismo hist\u00f3rico da amizade entre os dois Partidos e povos das duas na\u00e7\u00f5es.&#x1f1f2;&#x1f1ff;&#x1f91d;&#x1f1e6;&#x1f1f4;<\/p>\n","protected":false},"excerpt":{"rendered":"<p>O Secret\u00e1rio-Geral da FRELIMO, Chakil Aboobacar, chegou a Luanda, capital de Angola, na noite desta quinta-feira, no quadro da visita de trabalho que efectua a este pa\u00eds irm\u00e3o. \u00c0 sua chegada, Aboobacar foi recebido por uma delega\u00e7\u00e3o de alto n\u00edvel do Movimento Popular para a Liberta\u00e7\u00e3o de Angola (MPLA), liderada pelo respectivo Secret\u00e1rio-Geral, Paulo Pombolo, &hellip;<\/p>\n","protected":false},"author":2,"featured_media":5963,"comment_status":"closed","ping_status":"open","sticky":false,"template":"","format":"standard","meta":{"_jetpack_memberships_contains_paid_content":false,"footnotes":""},"categories":[7],"tags":[],"class_list":["post-5962","post","type-post","status-publish","format-standard","has-post-thumbnail","hentry","category-destaques"],"jetpack_featured_media_url":"https:\/\/www.frelimo.org.mz\/wp-content\/uploads\/2025\/10\/FB_IMG_1760661311275.jpg","jetpack_sharing_enabled":true,"_links":{"self":[{"href":"https:\/\/www.frelimo.org.mz\/index.php?rest_route=\/wp\/v2\/posts\/5962","targetHints":{"allow":["GET"]}}],"collection":[{"href":"https:\/\/www.frelimo.org.mz\/index.php?rest_route=\/wp\/v2\/posts"}],"about":[{"href":"https:\/\/www.frelimo.org.mz\/index.php?rest_route=\/wp\/v2\/types\/post"}],"author":[{"embeddable":true,"href":"https:\/\/www.frelimo.org.mz\/index.php?rest_route=\/wp\/v2\/users\/2"}],"replies":[{"embeddable":true,"href":"https:\/\/www.frelimo.org.mz\/index.php?rest_route=%2Fwp%2Fv2%2Fcomments&post=5962"}],"version-history":[{"count":0,"href":"https:\/\/www.frelimo.org.mz\/index.php?rest_route=\/wp\/v2\/posts\/5962\/revisions"}],"wp:featuredmedia":[{"embeddable":true,"href":"https:\/\/www.frelimo.org.mz\/index.php?rest_route=\/wp\/v2\/media\/5963"}],"wp:attachment":[{"href":"https:\/\/www.frelimo.org.mz\/index.php?rest_route=%2Fwp%2Fv2%2Fmedia&parent=5962"}],"wp:term":[{"taxonomy":"category","embeddable":true,"href":"https:\/\/www.frelimo.org.mz\/index.php?rest_route=%2Fwp%2Fv2%2Fcategories&post=5962"},{"taxonomy":"post_tag","embeddable":true,"href":"https:\/\/www.frelimo.org.mz\/index.php?rest_route=%2Fwp%2Fv2%2Ftags&post=5962"}],"curies":[{"name":"wp","href":"https:\/\/api.w.org\/{rel}","templated":true}]}}