{"id":5959,"date":"2025-10-17T02:37:59","date_gmt":"2025-10-17T00:37:59","guid":{"rendered":"https:\/\/www.frelimo.org.mz\/?p=5959"},"modified":"2025-10-17T02:38:00","modified_gmt":"2025-10-17T00:38:00","slug":"secretario-geral-da-frelimo-efectua-visita-de-trabalho-a-republica-de-angola","status":"publish","type":"post","link":"https:\/\/www.frelimo.org.mz\/?p=5959","title":{"rendered":"SECRET\u00c1RIO-GERAL DA FRELIMO EFECTUA VISITA DE TRABALHO \u00c0 REP\u00daBLICA DE ANGOLA"},"content":{"rendered":"\n<p><\/p>\n\n\n\n<p>O Secret\u00e1rio-Geral da FRELIMO, Chakil Aboobacar, realiza uma visita de trabalho \u00e0 Rep\u00fablica de Angola, de 16 a 20 do corrente m\u00eas, enquadrada no fortalecimento das rela\u00e7\u00f5es hist\u00f3ricas de amizade, solidariedade e coopera\u00e7\u00e3o pol\u00edtica entre os partidos FRELIMO e MPLA, bem como entre os povos de Mo\u00e7ambique e Angola.<\/p>\n\n\n\n<p>Esta desloca\u00e7\u00e3o inscreve-se no esfor\u00e7o conjunto de revitaliza\u00e7\u00e3o dos mecanismos de concerta\u00e7\u00e3o pol\u00edtica, tanto a n\u00edvel bilateral como multilateral, visando o aprofundamento da colabora\u00e7\u00e3o entre os dois partidos, no contexto dos desafios contempor\u00e2neos enfrentados pelos nossos pa\u00edses e pela regi\u00e3o.<\/p>\n\n\n\n<p>Durante a sua estada, Chakil Aboobacar manter\u00e1 encontros de trabalho com dirigentes m\u00e1ximos do MPLA, nos quais ser\u00e3o abordadas quest\u00f5es estrat\u00e9gicas relacionadas com a coopera\u00e7\u00e3o partid\u00e1ria, a forma\u00e7\u00e3o pol\u00edtica, e a consolida\u00e7\u00e3o da paz e da democracia.<\/p>\n\n\n\n<p>Est\u00e3o igualmente previstos encontros paralelos entre as organiza\u00e7\u00f5es sociais de ambos os partidos, nomeadamente as ligadas \u00e0 juventude, \u00e0 mulher e aos combatentes, com o objectivo de refor\u00e7ar os la\u00e7os de solidariedade entre estruturas cong\u00e9neres.<\/p>\n\n\n\n<p>Sendo parte da frente diplom\u00e1tica levada a cabo pela FRELIMO no presente ciclo pol\u00edtico, a visita visa, ainda, relan\u00e7ar o processo de realiza\u00e7\u00e3o regular de encontros pol\u00edticos, promovendo uma plataforma de di\u00e1logo cont\u00ednuo entre a FRELIMO e o MPLA, como express\u00e3o do compromisso comum com os valores da liberta\u00e7\u00e3o nacional, da justi\u00e7a social e do desenvolvimento sustent\u00e1vel.<\/p>\n\n\n\n<p>O Secret\u00e1rio-Geral far-se-\u00e1 acompanhar pelos Secret\u00e1rios do Comit\u00e9 Central para a \u00c1rea de Organiza\u00e7\u00e3o, Jo\u00e3o Muchine Mudema; da Economia e Projectos, Nelson Muianga; pelo Secret\u00e1rio-Geral da Associa\u00e7\u00e3o dos Combatentes da Luta de Liberta\u00e7\u00e3o Nacional (ACLLN), Carlos Siliya; pela Secret\u00e1ria-Geral da Organiza\u00e7\u00e3o da Mulher Mo\u00e7ambicana (OMM), Cid\u00e1lia Cha\u00faque; bem como por outros quadros do Partido.<\/p>\n\n\n\n<p>60 ANOS CONSOLIDANDO A UNIDADE NACIONAL,<br>PROMOVENDO A PAZ E DESENVOLVIMENTO.<br>FRELIMO, A FOR\u00c7A DA MUDAN\u00c7A!<\/p>\n","protected":false},"excerpt":{"rendered":"<p>O Secret\u00e1rio-Geral da FRELIMO, Chakil Aboobacar, realiza uma visita de trabalho \u00e0 Rep\u00fablica de Angola, de 16 a 20 do corrente m\u00eas, enquadrada no fortalecimento das rela\u00e7\u00f5es hist\u00f3ricas de amizade, solidariedade e coopera\u00e7\u00e3o pol\u00edtica entre os partidos FRELIMO e MPLA, bem como entre os povos de Mo\u00e7ambique e Angola. Esta desloca\u00e7\u00e3o inscreve-se no esfor\u00e7o conjunto &hellip;<\/p>\n","protected":false},"author":2,"featured_media":5960,"comment_status":"closed","ping_status":"open","sticky":false,"template":"","format":"standard","meta":{"_jetpack_memberships_contains_paid_content":false,"footnotes":""},"categories":[7],"tags":[],"class_list":["post-5959","post","type-post","status-publish","format-standard","has-post-thumbnail","hentry","category-destaques"],"jetpack_featured_media_url":"https:\/\/www.frelimo.org.mz\/wp-content\/uploads\/2025\/10\/FB_IMG_1760661331516.jpg","jetpack_sharing_enabled":true,"_links":{"self":[{"href":"https:\/\/www.frelimo.org.mz\/index.php?rest_route=\/wp\/v2\/posts\/5959","targetHints":{"allow":["GET"]}}],"collection":[{"href":"https:\/\/www.frelimo.org.mz\/index.php?rest_route=\/wp\/v2\/posts"}],"about":[{"href":"https:\/\/www.frelimo.org.mz\/index.php?rest_route=\/wp\/v2\/types\/post"}],"author":[{"embeddable":true,"href":"https:\/\/www.frelimo.org.mz\/index.php?rest_route=\/wp\/v2\/users\/2"}],"replies":[{"embeddable":true,"href":"https:\/\/www.frelimo.org.mz\/index.php?rest_route=%2Fwp%2Fv2%2Fcomments&post=5959"}],"version-history":[{"count":0,"href":"https:\/\/www.frelimo.org.mz\/index.php?rest_route=\/wp\/v2\/posts\/5959\/revisions"}],"wp:featuredmedia":[{"embeddable":true,"href":"https:\/\/www.frelimo.org.mz\/index.php?rest_route=\/wp\/v2\/media\/5960"}],"wp:attachment":[{"href":"https:\/\/www.frelimo.org.mz\/index.php?rest_route=%2Fwp%2Fv2%2Fmedia&parent=5959"}],"wp:term":[{"taxonomy":"category","embeddable":true,"href":"https:\/\/www.frelimo.org.mz\/index.php?rest_route=%2Fwp%2Fv2%2Fcategories&post=5959"},{"taxonomy":"post_tag","embeddable":true,"href":"https:\/\/www.frelimo.org.mz\/index.php?rest_route=%2Fwp%2Fv2%2Ftags&post=5959"}],"curies":[{"name":"wp","href":"https:\/\/api.w.org\/{rel}","templated":true}]}}