{"id":5951,"date":"2025-10-09T08:06:17","date_gmt":"2025-10-09T06:06:17","guid":{"rendered":"https:\/\/www.frelimo.org.mz\/?p=5951"},"modified":"2025-10-09T09:52:52","modified_gmt":"2025-10-09T07:52:52","slug":"comissao-politica-alargada-aos-primeiros-secretarios-provinciais-e-secretarios-gerais-das-organizacoes-sociais-da-frelimo","status":"publish","type":"post","link":"https:\/\/www.frelimo.org.mz\/?p=5951","title":{"rendered":"COMISS\u00c3O POL\u00cdTICA ALARGADA AOS PRIMEIROS SECRET\u00c1RIOS PROVINCIAIS E SECRET\u00c1RIOS-GERAIS DAS ORGANIZA\u00c7\u00d5ES SOCIAIS DA FRELIMO"},"content":{"rendered":"\n<p><\/p>\n\n\n\n<p>Sob a direc\u00e7\u00e3o do Camarada DANIEL FRANCISCO CHAPO Presidente da FRELIMO e Presidente da Rep\u00fablica de Mo\u00e7ambique, teve lugar no dia 08 de Outubro de 2025, na Escola Central da FRELIMO, a 56.\u00aa Sess\u00e3o Ordin\u00e1ria da Comiss\u00e3o Pol\u00edtica, alargada aos Primeiros Secret\u00e1rios Provinciais e da Cidade de Maputo e os Secret\u00e1rios Gerais das Organiza\u00e7\u00f5es Sociais do Partido.<\/p>\n\n\n\n<p>Dentre os temas aflorados, constaram a Decis\u00e3o Final de Investimento do Projecto Coral Norte para produ\u00e7\u00e3o de g\u00e1s natural liquefeito na \u00e1rea 4 da bacia do Rovuma, em Cabo Delgado. Este avan\u00e7o releva, de acordo com a Comiss\u00e3o Pol\u00edtica, um compromisso do governo em melhorar os contratos para o crescimento econ\u00f3mico.<\/p>\n\n\n\n<p>Ainda na componente econ\u00f3mica, o governo j\u00e1 aprovou o Plano Econ\u00f3mico e Social e Or\u00e7amento do Estado 2026. A Comiss\u00e3o Pol\u00edtica olha com agrado o facto de o executivo priorizar aloca\u00e7\u00e3o criteriosa dos recursos p\u00fablicos.<\/p>\n\n\n\n<p>A Presen\u00e7a do Chefe de Estado na tomada de posse do hom\u00f3logo malawiano, Peter Mutharika, foi tamb\u00e9m destacada, visto que refor\u00e7a as rela\u00e7\u00f5es hist\u00f3ricas de amizade e coopera\u00e7\u00e3o entre os dois pa\u00edses e povos.<br>A Comiss\u00e3o Pol\u00edtica da Frelimo manifesta satisfa\u00e7\u00e3o com o facto de haver uma cont\u00ednua valoriza\u00e7\u00e3o do desporto nacional. Prova disso foi a participa\u00e7\u00e3o do Presidente Daniel Chapo na Gala Nacional do Desporto na qual foram homenageados v\u00e1rios desportistas.<\/p>\n\n\n\n<p>A agenda primordial do pa\u00eds \u00e9 a paz, pelo que o \u00f3rg\u00e3o felicita o Camarada Presidente Daniel Chapo pelas festividades dos 33 anos do Acordo Geral da Paz e pelo progresso do Di\u00e1logo Nacional Inclusivo cuja ausculta\u00e7\u00e3o decorre no pa\u00eds e na di\u00e1spora. Outrossim, a participa\u00e7\u00e3o do presidente na 8.\u00aa Confer\u00eancia Nacional Religiosa refor\u00e7ou a ac\u00e7\u00e3o das confiss\u00f5es religiosas na promo\u00e7\u00e3o da paz.<br>A Comiss\u00e3o Pol\u00edtica da Frelimo real\u00e7a o trabalho das For\u00e7as de Defesa e Seguran\u00e7a firmes no combate ao terrorismo e na defesa da soberania nacional.<\/p>\n\n\n\n<p>O partido continua a trabalhar no terreno. O Camarada Secret\u00e1rio-Geral, Chakil Aboobacar, visitou a prov\u00edncia da Zamb\u00e9zia no quadro do refor\u00e7o da Unidade Nacional e preserva\u00e7\u00e3o da paz.<\/p>\n\n\n\n<p>A Comiss\u00e3o Pol\u00edtica da Frelimo orienta o executivo a prosseguir com:<\/p>\n\n\n\n<ul class=\"wp-block-list\">\n<li>Uma coopera\u00e7\u00e3o saud\u00e1vel com parceiros internacionais;<\/li>\n\n\n\n<li>Mitigar a crescente degrada\u00e7\u00e3o do meio-ambiente resultante da explora\u00e7\u00e3o mineira.<\/li>\n<\/ul>\n\n\n\n<div data-wp-interactive=\"core\/file\" class=\"wp-block-file\"><object data-wp-bind--hidden=\"!state.hasPdfPreview\" hidden class=\"wp-block-file__embed\" data=\"https:\/\/www.frelimo.org.mz\/wp-content\/uploads\/2025\/10\/COMUNICADO-CP56.pdf\" type=\"application\/pdf\" style=\"width:100%;height:600px\" aria-label=\"Incorpora\u00e7\u00e3o de COMUNICADO CP56.\"><\/object><a id=\"wp-block-file--media-dfe7c509-371d-4983-be03-b9d1ac5dadfb\" href=\"https:\/\/www.frelimo.org.mz\/wp-content\/uploads\/2025\/10\/COMUNICADO-CP56.pdf\">COMUNICADO CP56<\/a><a href=\"https:\/\/www.frelimo.org.mz\/wp-content\/uploads\/2025\/10\/COMUNICADO-CP56.pdf\" class=\"wp-block-file__button wp-element-button\" download aria-describedby=\"wp-block-file--media-dfe7c509-371d-4983-be03-b9d1ac5dadfb\">Descarregar<\/a><\/div>\n","protected":false},"excerpt":{"rendered":"<p>Sob a direc\u00e7\u00e3o do Camarada DANIEL FRANCISCO CHAPO Presidente da FRELIMO e Presidente da Rep\u00fablica de Mo\u00e7ambique, teve lugar no dia 08 de Outubro de 2025, na Escola Central da FRELIMO, a 56.\u00aa Sess\u00e3o Ordin\u00e1ria da Comiss\u00e3o Pol\u00edtica, alargada aos Primeiros Secret\u00e1rios Provinciais e da Cidade de Maputo e os Secret\u00e1rios Gerais das Organiza\u00e7\u00f5es Sociais &hellip;<\/p>\n","protected":false},"author":2,"featured_media":5946,"comment_status":"closed","ping_status":"open","sticky":false,"template":"","format":"standard","meta":{"_jetpack_memberships_contains_paid_content":false,"footnotes":""},"categories":[7],"tags":[],"class_list":["post-5951","post","type-post","status-publish","format-standard","has-post-thumbnail","hentry","category-destaques"],"jetpack_featured_media_url":"https:\/\/www.frelimo.org.mz\/wp-content\/uploads\/2025\/10\/IMG-20251009-WA0000.jpg","jetpack_sharing_enabled":true,"_links":{"self":[{"href":"https:\/\/www.frelimo.org.mz\/index.php?rest_route=\/wp\/v2\/posts\/5951","targetHints":{"allow":["GET"]}}],"collection":[{"href":"https:\/\/www.frelimo.org.mz\/index.php?rest_route=\/wp\/v2\/posts"}],"about":[{"href":"https:\/\/www.frelimo.org.mz\/index.php?rest_route=\/wp\/v2\/types\/post"}],"author":[{"embeddable":true,"href":"https:\/\/www.frelimo.org.mz\/index.php?rest_route=\/wp\/v2\/users\/2"}],"replies":[{"embeddable":true,"href":"https:\/\/www.frelimo.org.mz\/index.php?rest_route=%2Fwp%2Fv2%2Fcomments&post=5951"}],"version-history":[{"count":3,"href":"https:\/\/www.frelimo.org.mz\/index.php?rest_route=\/wp\/v2\/posts\/5951\/revisions"}],"predecessor-version":[{"id":5954,"href":"https:\/\/www.frelimo.org.mz\/index.php?rest_route=\/wp\/v2\/posts\/5951\/revisions\/5954"}],"wp:featuredmedia":[{"embeddable":true,"href":"https:\/\/www.frelimo.org.mz\/index.php?rest_route=\/wp\/v2\/media\/5946"}],"wp:attachment":[{"href":"https:\/\/www.frelimo.org.mz\/index.php?rest_route=%2Fwp%2Fv2%2Fmedia&parent=5951"}],"wp:term":[{"taxonomy":"category","embeddable":true,"href":"https:\/\/www.frelimo.org.mz\/index.php?rest_route=%2Fwp%2Fv2%2Fcategories&post=5951"},{"taxonomy":"post_tag","embeddable":true,"href":"https:\/\/www.frelimo.org.mz\/index.php?rest_route=%2Fwp%2Fv2%2Ftags&post=5951"}],"curies":[{"name":"wp","href":"https:\/\/api.w.org\/{rel}","templated":true}]}}