{"id":5936,"date":"2025-10-07T11:45:51","date_gmt":"2025-10-07T09:45:51","guid":{"rendered":"https:\/\/www.frelimo.org.mz\/?p=5936"},"modified":"2025-10-07T11:45:53","modified_gmt":"2025-10-07T09:45:53","slug":"sg-da-frelimo-apela-ao-envolvimento-activo-de-todos-no-dialogo-nacional-inclusivo","status":"publish","type":"post","link":"https:\/\/www.frelimo.org.mz\/?p=5936","title":{"rendered":"SG DA FRELIMO APELA AO ENVOLVIMENTO ACTIVO DE TODOS NO DI\u00c1LOGO NACIONAL INCLUSIVO"},"content":{"rendered":"\n<p><\/p>\n\n\n\n<p>O Secret\u00e1rio-Geral da FRELIMO, Chakil Aboobacar, apelou, nesta Segunda-feira, 6 de Outubro, \u00e0 participa\u00e7\u00e3o activa de todos os mo\u00e7ambicanos no Di\u00e1logo Nacional Inclusivo, com vista a assegurar que os seus resultados reflitam a vontade de cada cidad\u00e3o, independentemente das suas diferen\u00e7as.<\/p>\n\n\n\n<p>O apelo foi lan\u00e7ado na prov\u00edncia de Maputo, onde Chakil Aboobacar presidiu, em representa\u00e7\u00e3o dos partidos signat\u00e1rios do Compromisso Pol\u00edtico, \u00e0 cerim\u00f3nia local de lan\u00e7amento do Processo de Ausculta\u00e7\u00e3o P\u00fablica, enquadrado no \u00e2mbito do Di\u00e1logo Nacional Inclusivo.<\/p>\n\n\n\n<p>\u201cApelamos \u00e0 participa\u00e7\u00e3o activa de todos nos encontros distritais, existindo igualmente a possibilidade de contribuir atrav\u00e9s de plataformas digitais e outras formas de envolvimento, para que ningu\u00e9m seja exclu\u00eddo\u201d, vincou.<\/p>\n\n\n\n<p>Na sua interven\u00e7\u00e3o, o dirigente destacou o simbolismo hist\u00f3rico da cerim\u00f3nia, por refor\u00e7ar o esp\u00edrito patri\u00f3tico e de irmandade, transformando a fam\u00edlia mo\u00e7ambicana num espa\u00e7o de perd\u00e3o, conviv\u00eancia pac\u00edfica e constru\u00e7\u00e3o colectiva.<\/p>\n\n\n\n<p>\u201cO car\u00e1cter hist\u00f3rico da cerim\u00f3nia que aqui nos re\u00fane reside no in\u00edcio de um caminho em que Mo\u00e7ambique se contempla ao espelho, escuta-se a si pr\u00f3prio e projecta o seu futuro com a for\u00e7a da sua diversidade\u201d, afirmou o Secret\u00e1rio-Geral, parafraseando as palavras do Presidente da FRELIMO e Presidente da Rep\u00fablica, Daniel Francisco Chapo, proferidas no seu Discurso de Lan\u00e7amento do Processo de Ausculta\u00e7\u00e3o P\u00fablica Nacional e na Di\u00e1spora.<\/p>\n\n\n\n<p>Sublinhou que o Di\u00e1logo Nacional Inclusivo representa a transmuta\u00e7\u00e3o da consci\u00eancia do dever patri\u00f3tico em ac\u00e7\u00e3o concreta, refor\u00e7ando que n\u00e3o se trata de um mero exerc\u00edcio de ret\u00f3rica ou de apresenta\u00e7\u00e3o de sugest\u00f5es, mas sim de uma ac\u00e7\u00e3o individual e colectiva em prol de uma causa nobre: o bem-estar comum.<\/p>\n\n\n\n<p>\u201cEste \u00e9 um processo que transcende as diferen\u00e7as partid\u00e1rias e exige o compromisso de todos e de cada um de n\u00f3s para o refor\u00e7o da democracia, da liberdade, da estabilidade social e da harmonia, tanto colectiva como individual, entre o povo mo\u00e7ambicano\u201d, reiterou Chakil Aboobacar.<\/p>\n","protected":false},"excerpt":{"rendered":"<p>O Secret\u00e1rio-Geral da FRELIMO, Chakil Aboobacar, apelou, nesta Segunda-feira, 6 de Outubro, \u00e0 participa\u00e7\u00e3o activa de todos os mo\u00e7ambicanos no Di\u00e1logo Nacional Inclusivo, com vista a assegurar que os seus resultados reflitam a vontade de cada cidad\u00e3o, independentemente das suas diferen\u00e7as. O apelo foi lan\u00e7ado na prov\u00edncia de Maputo, onde Chakil Aboobacar presidiu, em representa\u00e7\u00e3o &hellip;<\/p>\n","protected":false},"author":2,"featured_media":5937,"comment_status":"closed","ping_status":"open","sticky":false,"template":"","format":"standard","meta":{"_jetpack_memberships_contains_paid_content":false,"footnotes":""},"categories":[7],"tags":[],"class_list":["post-5936","post","type-post","status-publish","format-standard","has-post-thumbnail","hentry","category-destaques"],"jetpack_featured_media_url":"https:\/\/www.frelimo.org.mz\/wp-content\/uploads\/2025\/10\/FB_IMG_1759830279046.jpg","jetpack_sharing_enabled":true,"_links":{"self":[{"href":"https:\/\/www.frelimo.org.mz\/index.php?rest_route=\/wp\/v2\/posts\/5936","targetHints":{"allow":["GET"]}}],"collection":[{"href":"https:\/\/www.frelimo.org.mz\/index.php?rest_route=\/wp\/v2\/posts"}],"about":[{"href":"https:\/\/www.frelimo.org.mz\/index.php?rest_route=\/wp\/v2\/types\/post"}],"author":[{"embeddable":true,"href":"https:\/\/www.frelimo.org.mz\/index.php?rest_route=\/wp\/v2\/users\/2"}],"replies":[{"embeddable":true,"href":"https:\/\/www.frelimo.org.mz\/index.php?rest_route=%2Fwp%2Fv2%2Fcomments&post=5936"}],"version-history":[{"count":1,"href":"https:\/\/www.frelimo.org.mz\/index.php?rest_route=\/wp\/v2\/posts\/5936\/revisions"}],"predecessor-version":[{"id":5938,"href":"https:\/\/www.frelimo.org.mz\/index.php?rest_route=\/wp\/v2\/posts\/5936\/revisions\/5938"}],"wp:featuredmedia":[{"embeddable":true,"href":"https:\/\/www.frelimo.org.mz\/index.php?rest_route=\/wp\/v2\/media\/5937"}],"wp:attachment":[{"href":"https:\/\/www.frelimo.org.mz\/index.php?rest_route=%2Fwp%2Fv2%2Fmedia&parent=5936"}],"wp:term":[{"taxonomy":"category","embeddable":true,"href":"https:\/\/www.frelimo.org.mz\/index.php?rest_route=%2Fwp%2Fv2%2Fcategories&post=5936"},{"taxonomy":"post_tag","embeddable":true,"href":"https:\/\/www.frelimo.org.mz\/index.php?rest_route=%2Fwp%2Fv2%2Ftags&post=5936"}],"curies":[{"name":"wp","href":"https:\/\/api.w.org\/{rel}","templated":true}]}}