{"id":5918,"date":"2025-09-27T15:31:45","date_gmt":"2025-09-27T13:31:45","guid":{"rendered":"https:\/\/www.frelimo.org.mz\/?p=5918"},"modified":"2025-09-28T15:32:34","modified_gmt":"2025-09-28T13:32:34","slug":"sg-da-frelimo-reafirma-compromisso-de-servir-o-povo","status":"publish","type":"post","link":"https:\/\/www.frelimo.org.mz\/?p=5918","title":{"rendered":"SG DA FRELIMO REAFIRMA COMPROMISSO DE SERVIR O POVO"},"content":{"rendered":"\n<p>SG DA FRELIMO REAFIRMA COMPROMISSO DE SERVIR O POVO<\/p>\n\n\n\n<p>O Secret\u00e1rio Geral da FRELIMO, Chakil Aboobacar, reafirmou hoje, na cidade de Quelimane, capital provincial da Zamb\u00e9zia, o compromisso do Partido de continuar a servir os interesses mais nobres do povo mo\u00e7ambicano, dando resposta \u00e0s promessas eleitorais deixadas durante a campanha eleitoral no sufr\u00e1gio de 9 de Outubro de 2024.<\/p>\n\n\n\n<p>Chakil Aboobacar que desde o final da tarde deste sab\u00e1do encontra-se nesta prov\u00edncia para uma visita de trabalho de tr\u00eas dias, sublinhou que os esfor\u00e7os desencadeados pelo Presidente da FRELIMO e Presidente da Rep\u00fablica de Mo\u00e7ambique, DANIEL FRANCISCO CHAPO, na busca de uma paz efectiva no pa\u00eds, visam permitir a realiza\u00e7\u00e3o de todas as actividades, nos seus diversos sectores, num ambiente tranquilo e harmonioso.<\/p>\n\n\n\n<p>O SG da FRELIMO exortou na ocasi\u00e3o, a todos os mo\u00e7ambicanos, em particular os da prov\u00edncia da Zamb\u00e9zia, a continuarem vigilantes e a denunciarem \u00e0s autoridades competentes qualquer acto que atente a Paz no seio dos cidad\u00e3os.<\/p>\n\n\n\n<p>Na Zamb\u00e9zia, Chakil Aboobscar vai escalar a cidade de Quelimane, distrito de Mucuba e Pebane.<\/p>\n","protected":false},"excerpt":{"rendered":"<p>SG DA FRELIMO REAFIRMA COMPROMISSO DE SERVIR O POVO O Secret\u00e1rio Geral da FRELIMO, Chakil Aboobacar, reafirmou hoje, na cidade de Quelimane, capital provincial da Zamb\u00e9zia, o compromisso do Partido de continuar a servir os interesses mais nobres do povo mo\u00e7ambicano, dando resposta \u00e0s promessas eleitorais deixadas durante a campanha eleitoral no sufr\u00e1gio de 9 &hellip;<\/p>\n","protected":false},"author":2,"featured_media":5916,"comment_status":"closed","ping_status":"open","sticky":false,"template":"","format":"standard","meta":{"_jetpack_memberships_contains_paid_content":false,"footnotes":""},"categories":[7],"tags":[],"class_list":["post-5918","post","type-post","status-publish","format-standard","has-post-thumbnail","hentry","category-destaques"],"jetpack_featured_media_url":"https:\/\/www.frelimo.org.mz\/wp-content\/uploads\/2025\/09\/FB_IMG_1759066140846.jpg","jetpack_sharing_enabled":true,"_links":{"self":[{"href":"https:\/\/www.frelimo.org.mz\/index.php?rest_route=\/wp\/v2\/posts\/5918","targetHints":{"allow":["GET"]}}],"collection":[{"href":"https:\/\/www.frelimo.org.mz\/index.php?rest_route=\/wp\/v2\/posts"}],"about":[{"href":"https:\/\/www.frelimo.org.mz\/index.php?rest_route=\/wp\/v2\/types\/post"}],"author":[{"embeddable":true,"href":"https:\/\/www.frelimo.org.mz\/index.php?rest_route=\/wp\/v2\/users\/2"}],"replies":[{"embeddable":true,"href":"https:\/\/www.frelimo.org.mz\/index.php?rest_route=%2Fwp%2Fv2%2Fcomments&post=5918"}],"version-history":[{"count":1,"href":"https:\/\/www.frelimo.org.mz\/index.php?rest_route=\/wp\/v2\/posts\/5918\/revisions"}],"predecessor-version":[{"id":5919,"href":"https:\/\/www.frelimo.org.mz\/index.php?rest_route=\/wp\/v2\/posts\/5918\/revisions\/5919"}],"wp:featuredmedia":[{"embeddable":true,"href":"https:\/\/www.frelimo.org.mz\/index.php?rest_route=\/wp\/v2\/media\/5916"}],"wp:attachment":[{"href":"https:\/\/www.frelimo.org.mz\/index.php?rest_route=%2Fwp%2Fv2%2Fmedia&parent=5918"}],"wp:term":[{"taxonomy":"category","embeddable":true,"href":"https:\/\/www.frelimo.org.mz\/index.php?rest_route=%2Fwp%2Fv2%2Fcategories&post=5918"},{"taxonomy":"post_tag","embeddable":true,"href":"https:\/\/www.frelimo.org.mz\/index.php?rest_route=%2Fwp%2Fv2%2Ftags&post=5918"}],"curies":[{"name":"wp","href":"https:\/\/api.w.org\/{rel}","templated":true}]}}