{"id":5887,"date":"2025-09-21T07:58:00","date_gmt":"2025-09-21T05:58:00","guid":{"rendered":"https:\/\/www.frelimo.org.mz\/?p=5887"},"modified":"2025-09-24T07:59:19","modified_gmt":"2025-09-24T05:59:19","slug":"sg-da-frelimo-em-murrupula-bem-estar-da-populacao-e-prioridade-numero-um-da-nossa-accao-politica","status":"publish","type":"post","link":"https:\/\/www.frelimo.org.mz\/?p=5887","title":{"rendered":"SG DA FRELIMO EM MURRUPULA: BEM-ESTAR DA POPULA\u00c7\u00c3O \u00c9 PRIORIDADE N\u00daMERO UM DA NOSSA AC\u00c7\u00c3O POL\u00cdTICA"},"content":{"rendered":"\n<p><\/p>\n\n\n\n<p>O Secret\u00e1rio-Geral da FRELIMO, Chakil Aboobacar, orientou, este s\u00e1bado, um com\u00edcio no distrito de Murrupula, em Nampula, no quadro da visita de trabalho que efectua \u00e0quela prov\u00edncia. O encontro juntou membros, simpatizantes e a popula\u00e7\u00e3o em geral, que acorreram em grande n\u00famero para ouvir a mensagem do Partido.<\/p>\n\n\n\n<p>No seu discurso, Chakil Aboobacar destacou que a FRELIMO est\u00e1, como sempre esteve, comprometida com o bem-estar da popula\u00e7\u00e3o mo\u00e7ambicana, trabalhando todos os dias para melhorar as suas condi\u00e7\u00f5es de vida.<\/p>\n\n\n\n<p>Sublinhou que o Partido continuar\u00e1 a colocar o povo no centro da sua ac\u00e7\u00e3o pol\u00edtica, frisando ainda a preocupa\u00e7\u00e3o permanente do Presidente da FRELIMO e Presidente da Rep\u00fablica, Daniel Chapo, em assegurar a estabiliza\u00e7\u00e3o do pa\u00eds e abertura de caminhos de progresso rumo \u00e0 conquista da independ\u00eancia econ\u00f3mica.<\/p>\n\n\n\n<p>\u201cO nosso Presidente est\u00e1 profundamente empenhado em resolver os problemas que afectam as comunidades, com prioridade para o desenvolvimento local, porque acredita que \u00e9 a partir dos distritos e localidades que se constr\u00f3i o progresso nacional\u201d, afirmou.<\/p>\n\n\n\n<p>Ao abordar o processo pol\u00edtico em curso, Chakil Aboobacar apelou \u00e0 participa\u00e7\u00e3o de todos no Di\u00e1logo Nacional Inclusivo. Para o efeito, disse ser fundamental que cada cidad\u00e3o se envolva activamente neste processo, &#8220;para que juntos possamos consolidar a democracia&#8221;, refor\u00e7ar a coes\u00e3o social e garantir um futuro melhor para Mo\u00e7ambique.<\/p>\n\n\n\n<p>O dirigente acrescentou que a preserva\u00e7\u00e3o da paz e da unidade nacional constituem pilares essenciais para o desenvolvimento. \u201cSem paz n\u00e3o h\u00e1 progresso, e sem unidade n\u00e3o h\u00e1 vit\u00f3ria. \u00c9 nossa responsabilidade proteger estes valores, que s\u00e3o conquistas de todos os mo\u00e7ambicanos\u201d, enfatizou.<\/p>\n\n\n\n<p>Explicou, ainda, que a FRELIMO e os seus dirigentes continuar\u00e3o cada vez mais pr\u00f3ximos do povo, determinados em ouvir e integrar as preocupa\u00e7\u00f5es da popula\u00e7\u00e3o na agenda nacional, assegurando que cada passo no processo de desenvolvimento seja feito com base no di\u00e1logo, na confian\u00e7a e na unidade nacional.<\/p>\n","protected":false},"excerpt":{"rendered":"<p>O Secret\u00e1rio-Geral da FRELIMO, Chakil Aboobacar, orientou, este s\u00e1bado, um com\u00edcio no distrito de Murrupula, em Nampula, no quadro da visita de trabalho que efectua \u00e0quela prov\u00edncia. O encontro juntou membros, simpatizantes e a popula\u00e7\u00e3o em geral, que acorreram em grande n\u00famero para ouvir a mensagem do Partido. No seu discurso, Chakil Aboobacar destacou que &hellip;<\/p>\n","protected":false},"author":2,"featured_media":5888,"comment_status":"closed","ping_status":"open","sticky":false,"template":"","format":"standard","meta":{"_jetpack_memberships_contains_paid_content":false,"footnotes":""},"categories":[7],"tags":[],"class_list":["post-5887","post","type-post","status-publish","format-standard","has-post-thumbnail","hentry","category-destaques"],"jetpack_featured_media_url":"https:\/\/www.frelimo.org.mz\/wp-content\/uploads\/2025\/09\/FB_IMG_1758693459359.jpg","jetpack_sharing_enabled":true,"_links":{"self":[{"href":"https:\/\/www.frelimo.org.mz\/index.php?rest_route=\/wp\/v2\/posts\/5887","targetHints":{"allow":["GET"]}}],"collection":[{"href":"https:\/\/www.frelimo.org.mz\/index.php?rest_route=\/wp\/v2\/posts"}],"about":[{"href":"https:\/\/www.frelimo.org.mz\/index.php?rest_route=\/wp\/v2\/types\/post"}],"author":[{"embeddable":true,"href":"https:\/\/www.frelimo.org.mz\/index.php?rest_route=\/wp\/v2\/users\/2"}],"replies":[{"embeddable":true,"href":"https:\/\/www.frelimo.org.mz\/index.php?rest_route=%2Fwp%2Fv2%2Fcomments&post=5887"}],"version-history":[{"count":0,"href":"https:\/\/www.frelimo.org.mz\/index.php?rest_route=\/wp\/v2\/posts\/5887\/revisions"}],"wp:featuredmedia":[{"embeddable":true,"href":"https:\/\/www.frelimo.org.mz\/index.php?rest_route=\/wp\/v2\/media\/5888"}],"wp:attachment":[{"href":"https:\/\/www.frelimo.org.mz\/index.php?rest_route=%2Fwp%2Fv2%2Fmedia&parent=5887"}],"wp:term":[{"taxonomy":"category","embeddable":true,"href":"https:\/\/www.frelimo.org.mz\/index.php?rest_route=%2Fwp%2Fv2%2Fcategories&post=5887"},{"taxonomy":"post_tag","embeddable":true,"href":"https:\/\/www.frelimo.org.mz\/index.php?rest_route=%2Fwp%2Fv2%2Ftags&post=5887"}],"curies":[{"name":"wp","href":"https:\/\/api.w.org\/{rel}","templated":true}]}}