{"id":5821,"date":"2025-08-29T09:06:39","date_gmt":"2025-08-29T07:06:39","guid":{"rendered":"https:\/\/www.frelimo.org.mz\/?p=5821"},"modified":"2025-08-29T09:06:40","modified_gmt":"2025-08-29T07:06:40","slug":"sg-da-frelimo-impressionado-com-o-desempenho-na-facim-2025-2","status":"publish","type":"post","link":"https:\/\/www.frelimo.org.mz\/?p=5821","title":{"rendered":"SG DA FRELIMO IMPRESSIONADO COM O DESEMPENHO NA FACIM 2025"},"content":{"rendered":"\n<p>SG DA FRELIMO IMPRESSIONADO COM O DESEMPENHO NA FACIM 2025<\/p>\n\n\n\n<p>O Secret\u00e1rio-Geral da FRELIMO, Chakil Aboobacar, reafirmou que Mo\u00e7ambique tem todas as condi\u00e7\u00f5es para prosperar, depois de se mostrar positivamente impressionado com o potencial de produ\u00e7\u00e3o apresentado na 60.\u00aa edi\u00e7\u00e3o da Feira Internacional de Maputo (FACIM), que visitou nesta Quarta-feira, 28 de Agosto.<\/p>\n\n\n\n<p>Chakil Aboobacar percorreu os diversos pavilh\u00f5es da FACIM 2025, interagiu com os expositores e recebeu claras indica\u00e7\u00f5es de que o pa\u00eds est\u00e1 em condi\u00e7\u00f5es, por exemplo, de produzir alimentos em quantidade suficiente para garantir a seguran\u00e7a alimentar dos mo\u00e7ambicanos.<\/p>\n\n\n\n<p>\u201cVerific\u00e1mos, igualmente, que existem condi\u00e7\u00f5es para produzir materiais de grande utilidade para a sociedade, como, por exemplo, carteiras escolares. Estamos, por isso, bastante entusiasmados com a diversidade e qualidade das exposi\u00e7\u00f5es de cada prov\u00edncia, o que nos leva a acreditar que, de facto, tudo depende de n\u00f3s\u201d, afirmou o Secret\u00e1rio-Geral, no termo da sua visita.<\/p>\n\n\n\n<p>Durante a passagem pelo recinto, considerado a maior montra de neg\u00f3cios do pa\u00eds, o Secret\u00e1rio-Geral da FRELIMO visitou o stand reservado ao Sector Empresarial do Estado (SEE), onde constatou um crescimento \u201cbastante qualitativo\u201d e encorajou os dirigentes a continuarem a investir em \u00e1reas estrat\u00e9gicas para a melhoria das condi\u00e7\u00f5es de vida da popula\u00e7\u00e3o.<\/p>\n","protected":false},"excerpt":{"rendered":"<p>SG DA FRELIMO IMPRESSIONADO COM O DESEMPENHO NA FACIM 2025 O Secret\u00e1rio-Geral da FRELIMO, Chakil Aboobacar, reafirmou que Mo\u00e7ambique tem todas as condi\u00e7\u00f5es para prosperar, depois de se mostrar positivamente impressionado com o potencial de produ\u00e7\u00e3o apresentado na 60.\u00aa edi\u00e7\u00e3o da Feira Internacional de Maputo (FACIM), que visitou nesta Quarta-feira, 28 de Agosto. Chakil Aboobacar &hellip;<\/p>\n","protected":false},"author":2,"featured_media":5822,"comment_status":"closed","ping_status":"open","sticky":false,"template":"","format":"standard","meta":{"_jetpack_memberships_contains_paid_content":false,"footnotes":""},"categories":[7],"tags":[],"class_list":["post-5821","post","type-post","status-publish","format-standard","has-post-thumbnail","hentry","category-destaques"],"jetpack_featured_media_url":"https:\/\/www.frelimo.org.mz\/wp-content\/uploads\/2025\/08\/FB_IMG_1756451120353.jpg","jetpack_sharing_enabled":true,"_links":{"self":[{"href":"https:\/\/www.frelimo.org.mz\/index.php?rest_route=\/wp\/v2\/posts\/5821","targetHints":{"allow":["GET"]}}],"collection":[{"href":"https:\/\/www.frelimo.org.mz\/index.php?rest_route=\/wp\/v2\/posts"}],"about":[{"href":"https:\/\/www.frelimo.org.mz\/index.php?rest_route=\/wp\/v2\/types\/post"}],"author":[{"embeddable":true,"href":"https:\/\/www.frelimo.org.mz\/index.php?rest_route=\/wp\/v2\/users\/2"}],"replies":[{"embeddable":true,"href":"https:\/\/www.frelimo.org.mz\/index.php?rest_route=%2Fwp%2Fv2%2Fcomments&post=5821"}],"version-history":[{"count":1,"href":"https:\/\/www.frelimo.org.mz\/index.php?rest_route=\/wp\/v2\/posts\/5821\/revisions"}],"predecessor-version":[{"id":5823,"href":"https:\/\/www.frelimo.org.mz\/index.php?rest_route=\/wp\/v2\/posts\/5821\/revisions\/5823"}],"wp:featuredmedia":[{"embeddable":true,"href":"https:\/\/www.frelimo.org.mz\/index.php?rest_route=\/wp\/v2\/media\/5822"}],"wp:attachment":[{"href":"https:\/\/www.frelimo.org.mz\/index.php?rest_route=%2Fwp%2Fv2%2Fmedia&parent=5821"}],"wp:term":[{"taxonomy":"category","embeddable":true,"href":"https:\/\/www.frelimo.org.mz\/index.php?rest_route=%2Fwp%2Fv2%2Fcategories&post=5821"},{"taxonomy":"post_tag","embeddable":true,"href":"https:\/\/www.frelimo.org.mz\/index.php?rest_route=%2Fwp%2Fv2%2Ftags&post=5821"}],"curies":[{"name":"wp","href":"https:\/\/api.w.org\/{rel}","templated":true}]}}