{"id":5818,"date":"2025-08-29T09:04:39","date_gmt":"2025-08-29T07:04:39","guid":{"rendered":"https:\/\/www.frelimo.org.mz\/?p=5818"},"modified":"2025-08-29T09:04:41","modified_gmt":"2025-08-29T07:04:41","slug":"francisco-ussene-mucanheia-reune-se-com-o-distrito-municipal-kamavota","status":"publish","type":"post","link":"https:\/\/www.frelimo.org.mz\/?p=5818","title":{"rendered":"FRANCISCO USSENE MUCANHEIA RE\u00daNE-SE COM O DISTRITO MUNICIPAL KAMAVOTA"},"content":{"rendered":"\n<p><\/p>\n\n\n\n<p><em>Francisco Ussene Mucanheia<\/em> , Membro da Comiss\u00e3o Pol\u00edtica e Chefe da Brigada Central de Assist\u00eancia \u00e0 Cidade de Maputo, reuniu-se na manh\u00e3 desta Quarta-feira (27.08) no Sal\u00e3o Municipal de KaMavota com os Membros e Simpatizantes daquele Distrito.<\/p>\n\n\n\n<p>O encontro tinha como objectivo principal consolidar e harmonizar esfor\u00e7os na promo\u00e7\u00e3o do desenvolvimento sustent\u00e1vel do nosso Partido FRELIMO.<br>O Camarada <em>Filipe Matsimbe,<\/em> Primeiro Secret\u00e1rio da FRELIMO no Distrito Municipal de KaMavota, tomou a palavra para apresentar os participantes e afirmou que os Membros e Simpatizantes estavam prontos para receber as orienta\u00e7\u00f5es da FRELIMO atrav\u00e9s do Camarada MCP.<\/p>\n\n\n\n<p>O Chefe da Brigada Central, <em>Francisco Mucanheia<\/em> , enfatizou que a uni\u00e3o de esfor\u00e7os \u00e9 essencial para garantir que as pol\u00edticas do Partido atendam \u00e0s necessidades de todos os membros, bem como da sociedade no geral.<\/p>\n\n\n\n<p>O encontrou serviu igualmente para reafirmar o compromisso do Partido com os mun\u00edcipes em trabalhar juntos por uma FRELIMO mais pr\u00f3spera e inclusiva.<\/p>\n\n\n\n<p>Na ocasi\u00e3o, <em>Mucanheia<\/em>, debru\u00e7ou sobre o Fundo de Desenvolvimento Econ\u00f3mico Local (FIDEL), afim de incentivar e encorajar os Camaradas a concorrer com projectos exequ\u00edveis e eficientes para galvanizar e garantir a sustentabilidade da nossa economia.<\/p>\n\n\n\n<p><em>60 ANOS CONSOLIDANDO A UNIDADE NACIONAL, PROMOVENDO A PAZ E DESENVOLVIMENTO.<\/em><\/p>\n\n\n\n<p><em>FRELIMO, A FOR\u00c7A DA MUDAN\u00c7A<\/em><\/p>\n","protected":false},"excerpt":{"rendered":"<p>Francisco Ussene Mucanheia , Membro da Comiss\u00e3o Pol\u00edtica e Chefe da Brigada Central de Assist\u00eancia \u00e0 Cidade de Maputo, reuniu-se na manh\u00e3 desta Quarta-feira (27.08) no Sal\u00e3o Municipal de KaMavota com os Membros e Simpatizantes daquele Distrito. O encontro tinha como objectivo principal consolidar e harmonizar esfor\u00e7os na promo\u00e7\u00e3o do desenvolvimento sustent\u00e1vel do nosso Partido &hellip;<\/p>\n","protected":false},"author":2,"featured_media":5819,"comment_status":"closed","ping_status":"open","sticky":false,"template":"","format":"standard","meta":{"_jetpack_memberships_contains_paid_content":false,"footnotes":""},"categories":[5],"tags":[],"class_list":["post-5818","post","type-post","status-publish","format-standard","has-post-thumbnail","hentry","category-noticias"],"jetpack_featured_media_url":"https:\/\/www.frelimo.org.mz\/wp-content\/uploads\/2025\/08\/FB_IMG_1756451033301.jpg","jetpack_sharing_enabled":true,"_links":{"self":[{"href":"https:\/\/www.frelimo.org.mz\/index.php?rest_route=\/wp\/v2\/posts\/5818","targetHints":{"allow":["GET"]}}],"collection":[{"href":"https:\/\/www.frelimo.org.mz\/index.php?rest_route=\/wp\/v2\/posts"}],"about":[{"href":"https:\/\/www.frelimo.org.mz\/index.php?rest_route=\/wp\/v2\/types\/post"}],"author":[{"embeddable":true,"href":"https:\/\/www.frelimo.org.mz\/index.php?rest_route=\/wp\/v2\/users\/2"}],"replies":[{"embeddable":true,"href":"https:\/\/www.frelimo.org.mz\/index.php?rest_route=%2Fwp%2Fv2%2Fcomments&post=5818"}],"version-history":[{"count":0,"href":"https:\/\/www.frelimo.org.mz\/index.php?rest_route=\/wp\/v2\/posts\/5818\/revisions"}],"wp:featuredmedia":[{"embeddable":true,"href":"https:\/\/www.frelimo.org.mz\/index.php?rest_route=\/wp\/v2\/media\/5819"}],"wp:attachment":[{"href":"https:\/\/www.frelimo.org.mz\/index.php?rest_route=%2Fwp%2Fv2%2Fmedia&parent=5818"}],"wp:term":[{"taxonomy":"category","embeddable":true,"href":"https:\/\/www.frelimo.org.mz\/index.php?rest_route=%2Fwp%2Fv2%2Fcategories&post=5818"},{"taxonomy":"post_tag","embeddable":true,"href":"https:\/\/www.frelimo.org.mz\/index.php?rest_route=%2Fwp%2Fv2%2Ftags&post=5818"}],"curies":[{"name":"wp","href":"https:\/\/api.w.org\/{rel}","templated":true}]}}