{"id":5815,"date":"2025-08-29T09:03:26","date_gmt":"2025-08-29T07:03:26","guid":{"rendered":"https:\/\/www.frelimo.org.mz\/?p=5815"},"modified":"2025-08-29T09:03:28","modified_gmt":"2025-08-29T07:03:28","slug":"frelimo-no-nhlamankulu-realiza-a-replica-da-divulgacao-das-decisoes-da-comissao-politica","status":"publish","type":"post","link":"https:\/\/www.frelimo.org.mz\/?p=5815","title":{"rendered":"FRELIMO no Nhlamankulu realiza a r\u00e9plica da divulga\u00e7\u00e3o das decis\u00f5es da Comiss\u00e3o Pol\u00edtica"},"content":{"rendered":"\n<p><\/p>\n\n\n\n<p>A FRELIMO no Nhlamankulu, realizou na tarde de hoje (27\/08), a r\u00e9plica do Semin\u00e1rio de divulga\u00e7\u00e3o das decis\u00f5es da Comiss\u00e3o Pol\u00edtica, onde na sua interven\u00e7\u00e3o a Camarada <em>Tatiana Braz<\/em>, timoneira do Partido no Distrito, destacou a tranquilidade pol\u00edtica que se vive no Distrito.<\/p>\n\n\n\n<p>No seu discurso de abertura o Camarada <em>Samuel Quive,<\/em> Chefe da Brigada da Cidade queassiste o Distrito, enalteceu o trabalho desenvolvido pelas estruturas de base e apelou \u00e0 intensifica\u00e7\u00e3o do contacto directo com os mun\u00edcipes, com enfoque especial na Juventude e nos l\u00edderes de opini\u00e3o.<\/p>\n\n\n\n<p><em>Quive<\/em> destacou, igualmente a relev\u00e2ncia da participa\u00e7\u00e3o activa na prepara\u00e7\u00e3o da <em>XI Reuni\u00e3o de Quadros, prevista para 2026, na Cidade de Chimoio Prov\u00edncia de Manica.<\/em><\/p>\n\n\n\n<p>Durante o Semin\u00e1rio, foram apresentados dois documentos-chave:<\/p>\n\n\n\n<p>\u25cf Gui\u00e3o de Apoio \u00e0s Brigadas;<br>\u25cf Balan\u00e7o dos Primeiros Seis meses de Governa\u00e7\u00e3o do Presidente <em>Daniel Francisco Chapo.<\/em><br>*A\u00e7\u00f5es de Impacto<\/p>\n","protected":false},"excerpt":{"rendered":"<p>A FRELIMO no Nhlamankulu, realizou na tarde de hoje (27\/08), a r\u00e9plica do Semin\u00e1rio de divulga\u00e7\u00e3o das decis\u00f5es da Comiss\u00e3o Pol\u00edtica, onde na sua interven\u00e7\u00e3o a Camarada Tatiana Braz, timoneira do Partido no Distrito, destacou a tranquilidade pol\u00edtica que se vive no Distrito. No seu discurso de abertura o Camarada Samuel Quive, Chefe da Brigada &hellip;<\/p>\n","protected":false},"author":2,"featured_media":5816,"comment_status":"closed","ping_status":"open","sticky":false,"template":"","format":"standard","meta":{"_jetpack_memberships_contains_paid_content":false,"footnotes":""},"categories":[5],"tags":[],"class_list":["post-5815","post","type-post","status-publish","format-standard","has-post-thumbnail","hentry","category-noticias"],"jetpack_featured_media_url":"https:\/\/www.frelimo.org.mz\/wp-content\/uploads\/2025\/08\/FB_IMG_1756450960563.jpg","jetpack_sharing_enabled":true,"_links":{"self":[{"href":"https:\/\/www.frelimo.org.mz\/index.php?rest_route=\/wp\/v2\/posts\/5815","targetHints":{"allow":["GET"]}}],"collection":[{"href":"https:\/\/www.frelimo.org.mz\/index.php?rest_route=\/wp\/v2\/posts"}],"about":[{"href":"https:\/\/www.frelimo.org.mz\/index.php?rest_route=\/wp\/v2\/types\/post"}],"author":[{"embeddable":true,"href":"https:\/\/www.frelimo.org.mz\/index.php?rest_route=\/wp\/v2\/users\/2"}],"replies":[{"embeddable":true,"href":"https:\/\/www.frelimo.org.mz\/index.php?rest_route=%2Fwp%2Fv2%2Fcomments&post=5815"}],"version-history":[{"count":0,"href":"https:\/\/www.frelimo.org.mz\/index.php?rest_route=\/wp\/v2\/posts\/5815\/revisions"}],"wp:featuredmedia":[{"embeddable":true,"href":"https:\/\/www.frelimo.org.mz\/index.php?rest_route=\/wp\/v2\/media\/5816"}],"wp:attachment":[{"href":"https:\/\/www.frelimo.org.mz\/index.php?rest_route=%2Fwp%2Fv2%2Fmedia&parent=5815"}],"wp:term":[{"taxonomy":"category","embeddable":true,"href":"https:\/\/www.frelimo.org.mz\/index.php?rest_route=%2Fwp%2Fv2%2Fcategories&post=5815"},{"taxonomy":"post_tag","embeddable":true,"href":"https:\/\/www.frelimo.org.mz\/index.php?rest_route=%2Fwp%2Fv2%2Ftags&post=5815"}],"curies":[{"name":"wp","href":"https:\/\/api.w.org\/{rel}","templated":true}]}}