{"id":5786,"date":"2025-08-16T11:44:22","date_gmt":"2025-08-16T09:44:22","guid":{"rendered":"https:\/\/www.frelimo.org.mz\/?p=5786"},"modified":"2025-08-16T11:44:23","modified_gmt":"2025-08-16T09:44:23","slug":"presidente-daniel-chapo-reafirma-compromisso-inabalavel-de-servir-o-povo-mocambicano","status":"publish","type":"post","link":"https:\/\/www.frelimo.org.mz\/?p=5786","title":{"rendered":"PRESIDENTE DANIEL CHAPO REAFIRMA COMPROMISSO INABAL\u00c1VEL DE SERVIR O POVO MO\u00c7AMBICANO"},"content":{"rendered":"\n<p><\/p>\n\n\n\n<p>O Presidente da FRELIMO e Presidente da Rep\u00fablica de Mo\u00e7ambique, <em>Daniel Francisco Chapo<\/em>, reafirmou esta quinta-feira, 14 de Agosto, o seu compromisso inabal\u00e1vel com o povo mo\u00e7ambicano e com os ideais que norteiam o Partido, sublinhando que a miss\u00e3o de liderar \u00e9, acima de tudo, um acto de servi\u00e7o ao pa\u00eds.<\/p>\n\n\n\n<p>Falando na Sede Nacional da FRELIMO, perante membros e simpatizantes do Partido que o saudavam pelos seis meses de governa\u00e7\u00e3o, o Presidente assinalou que o per\u00edodo foi de trabalho intenso, marcado pela proximidade \u00e0s comunidades e pela renova\u00e7\u00e3o da confian\u00e7a popular na FRELIMO.<\/p>\n\n\n\n<p>No balan\u00e7o desta etapa, Daniel Chapo destacou visitas realizadas a todas as prov\u00edncias e encontros com a di\u00e1spora, reafirmando que cada interac\u00e7\u00e3o refor\u00e7ou a determina\u00e7\u00e3o de construir um Mo\u00e7ambique mais justo, inclusivo e pr\u00f3spero.<\/p>\n\n\n\n<p>Apontou como marcos deste percurso iniciativas como o Fundo de Desenvolvimento Econ\u00f3mico Local (FIDEL), o programa habitacional \u201cCidade Jovem\u201d e o projecto da Cidade Petroqu\u00edmica Nacional \u201cMavanza\u201d, no distrito de Vilankulo, sublinhando que estas ac\u00e7\u00f5es representam oportunidades reais de emprego e melhoria das condi\u00e7\u00f5es de vida.<\/p>\n\n\n\n<p>O Presidente da FRELIMO e Presidente da Rep\u00fablica frisou que a consolida\u00e7\u00e3o da paz, a reconcilia\u00e7\u00e3o nacional, a inclus\u00e3o social e o desenvolvimento econ\u00f3mico s\u00e3o prioridades inadi\u00e1veis, e defendeu que a boa governa\u00e7\u00e3o come\u00e7a com uma mudan\u00e7a de mentalidade.<\/p>\n\n\n\n<p>\u201cFazer diferente significa respeitar a lei, respeitar o cidad\u00e3o e servir com humildade. Quem n\u00e3o est\u00e1 disposto a servir o povo mo\u00e7ambicano, n\u00e3o serve para servir a FRELIMO\u201d, declarou, numa mensagem firme de integridade e responsabilidade.<\/p>\n\n\n\n<p>Com o olhar no futuro, Chapo anunciou que a FRELIMO j\u00e1 est\u00e1 a preparar as vit\u00f3rias eleitorais de 2028 e 2029, confirmando a realiza\u00e7\u00e3o da 11.\u00aa Confer\u00eancia Nacional dos Quadros, entre 21 e 23 de Agosto de 2026, na cidade de Chimoio. O processo preparat\u00f3rio, que decorrer\u00e1 em todos os escal\u00f5es, desde as c\u00e9lulas at\u00e9 ao n\u00edvel nacional, ser\u00e1 um exerc\u00edcio de democracia interna e de fortalecimento da base partid\u00e1ria.<\/p>\n\n\n\n<p>O Presidente apelou \u00e0 unidade nacional como pilar essencial para o progresso do pa\u00eds, defendendo um Mo\u00e7ambique de paz, prosperidade, justi\u00e7a social e inclus\u00e3o, onde \u201cningu\u00e9m fica para tr\u00e1s\u201d. Sublinhou que esta vis\u00e3o s\u00f3 ser\u00e1 poss\u00edvel com o contributo de todos os mo\u00e7ambicanos, do Ruvuma ao Maputo, num esfor\u00e7o colectivo de reconstru\u00e7\u00e3o e desenvolvimento.<\/p>\n\n\n\n<p>A cerim\u00f3nia de sauda\u00e7\u00e3o ao Presidente Daniel Chapo, que teve r\u00e9plicas em todo o pa\u00eds, reafirmou a coes\u00e3o, a vitalidade e a energia renovada da FRELIMO, projectando uma lideran\u00e7a s\u00f3lida e comprometida com os desafios presentes e com constru\u00e7\u00e3o do futuro que os mo\u00e7ambicanos almejam.<\/p>\n","protected":false},"excerpt":{"rendered":"<p>O Presidente da FRELIMO e Presidente da Rep\u00fablica de Mo\u00e7ambique, Daniel Francisco Chapo, reafirmou esta quinta-feira, 14 de Agosto, o seu compromisso inabal\u00e1vel com o povo mo\u00e7ambicano e com os ideais que norteiam o Partido, sublinhando que a miss\u00e3o de liderar \u00e9, acima de tudo, um acto de servi\u00e7o ao pa\u00eds. Falando na Sede Nacional &hellip;<\/p>\n","protected":false},"author":2,"featured_media":5787,"comment_status":"closed","ping_status":"open","sticky":false,"template":"","format":"standard","meta":{"_jetpack_memberships_contains_paid_content":false,"footnotes":""},"categories":[7],"tags":[],"class_list":["post-5786","post","type-post","status-publish","format-standard","has-post-thumbnail","hentry","category-destaques"],"jetpack_featured_media_url":"https:\/\/www.frelimo.org.mz\/wp-content\/uploads\/2025\/08\/FB_IMG_1755337414782.jpg","jetpack_sharing_enabled":true,"_links":{"self":[{"href":"https:\/\/www.frelimo.org.mz\/index.php?rest_route=\/wp\/v2\/posts\/5786","targetHints":{"allow":["GET"]}}],"collection":[{"href":"https:\/\/www.frelimo.org.mz\/index.php?rest_route=\/wp\/v2\/posts"}],"about":[{"href":"https:\/\/www.frelimo.org.mz\/index.php?rest_route=\/wp\/v2\/types\/post"}],"author":[{"embeddable":true,"href":"https:\/\/www.frelimo.org.mz\/index.php?rest_route=\/wp\/v2\/users\/2"}],"replies":[{"embeddable":true,"href":"https:\/\/www.frelimo.org.mz\/index.php?rest_route=%2Fwp%2Fv2%2Fcomments&post=5786"}],"version-history":[{"count":0,"href":"https:\/\/www.frelimo.org.mz\/index.php?rest_route=\/wp\/v2\/posts\/5786\/revisions"}],"wp:featuredmedia":[{"embeddable":true,"href":"https:\/\/www.frelimo.org.mz\/index.php?rest_route=\/wp\/v2\/media\/5787"}],"wp:attachment":[{"href":"https:\/\/www.frelimo.org.mz\/index.php?rest_route=%2Fwp%2Fv2%2Fmedia&parent=5786"}],"wp:term":[{"taxonomy":"category","embeddable":true,"href":"https:\/\/www.frelimo.org.mz\/index.php?rest_route=%2Fwp%2Fv2%2Fcategories&post=5786"},{"taxonomy":"post_tag","embeddable":true,"href":"https:\/\/www.frelimo.org.mz\/index.php?rest_route=%2Fwp%2Fv2%2Ftags&post=5786"}],"curies":[{"name":"wp","href":"https:\/\/api.w.org\/{rel}","templated":true}]}}