{"id":5783,"date":"2025-08-16T11:42:28","date_gmt":"2025-08-16T09:42:28","guid":{"rendered":"https:\/\/www.frelimo.org.mz\/?p=5783"},"modified":"2025-08-16T11:42:30","modified_gmt":"2025-08-16T09:42:30","slug":"primeiro-secretario-do-partido-frelimo-em-massingir-inicia-visitas-as-zonas-mavoze-e-zulo","status":"publish","type":"post","link":"https:\/\/www.frelimo.org.mz\/?p=5783","title":{"rendered":"Primeiro Secret\u00e1rio do Partido FRELIMO em Massingir inicia visitas \u00e0s Zonas Mavoze e Zulo"},"content":{"rendered":"\n<p><\/p>\n\n\n\n<p>No \u00e2mbito do cumprimento do plano anual das actividades do Secretariado, o Cda <em>David Ant\u00f3nio Mundlovo<\/em>, 1\u00b0 Secret\u00e1rio do Comit\u00e9 Distrital do Partido FRELIMO em Massingir iniciou um p\u00e9riplo de visitas na manh\u00e3 desta quarta-feira, 13.08.2025 escalando os C\u00edrculos de Madingane na Zona Mavoze e Macuachane na Zona Zulo onde foi recebido de forma euf\u00f3rica e apoteose pelos membros e simpatizantes do partido, cujo pano de fundo desta digress\u00e3o era;_<\/p>\n\n\n\n<p><em>&#x1f449;Aferir o n\u00edvel de funcionamento dos \u00f3rg\u00e3os de base;<\/em><br><em>&#x1f449;Agradecer ao eleitorado pelo voto de confian\u00e7a depositado ao partido FRELIMO e ao Cda Presidente Daniel Francisco Chapo, no escrut\u00ednio de 09 de Outubro findo;<\/em><br><em>&#x1f449;Auscultar as preocupa\u00e7\u00f5es dos membros e da popula\u00e7\u00e3o no geral;<\/em><br><em>&#x1f449;Informar sobre a nova estrutura do Governo Distrital;<\/em><br><em>&#x1f449;Difundir as medidas de preven\u00e7\u00e3o da nova var\u00edola dos macacos e MPOX;<\/em><br><em>&#x1f449;Refor\u00e7ar a uni\u00e3o, esp\u00edrito de trabalho e o compromisso com o desenvolvimento do Distrito.<\/em><br><em>Antes do com\u00edcio popular, o dirigente m\u00e1ximo da FRELIMO em Massingir assistiu o decurso da reuni\u00e3o geral da C\u00e9lula Samora Machel no C\u00edrculo de Macuachane<\/em><\/p>\n\n\n\n<p><em>Ap\u00f3s a sauda\u00e7\u00e3o Mundlovo enalteceu o papel dos \u00f3rg\u00e3os, comiss\u00e1rios pol\u00edticos e da popula\u00e7\u00e3o dos dois c\u00edrculos durante a campanha e no processo eleitoral que culminou com a elei\u00e7\u00e3o e vit\u00f3ria da FRELIMO e do Cda Presidente Daniel Francisco Chapo.<\/em><\/p>\n\n\n\n<p><em>Prosseguindo, o membro n\u00famero 1 da FRELIMO em Massingir, apelou aos presentes para continuar a confiar na FRELIMO e no seu Governo, pois, constituem guia para o desenvolvimento sustent\u00e1vel.<\/em><\/p>\n\n\n\n<p><em>Num outro desenvolvimento, informou sobre o surgimento da nova var\u00edola dos macacos (Mpox) e de forma did\u00e1ctica-Pedag\u00f3gico descreveu os sintomas e formas de preven\u00e7\u00e3o. Continuando, Mundlovo informou sobre a composi\u00e7\u00e3o do Governo Distrital comandado pelo novo Administrador S\u00e9rgio Ant\u00f3nio Costa quadro s\u00e9nior da FRELIMO, natural da prov\u00edncia de Sofala, distrito de Cheringoma e aproveitou da ocasi\u00e3o para apelar a todos para apoia-lo e contribuir positivamente no seu programa de governa\u00e7\u00e3o rumo ao desenvolvimento deste distrito.<\/em><\/p>\n\n\n\n<p><em>Durante a interac\u00e7\u00e3o, os participantes apresentaram as seguintes preocupa\u00e7\u00f5es:<\/em><br><em>&#x1f449;Conflito homem fauna-bravia;<\/em><br><em>&#x1f449;Falta de \u00e1gua pot\u00e1vel no Comit\u00e9 do C\u00edrculo de Macuachane;<\/em><br><em>&#x1f449;Falta de emprego, principalmente para a camada juvenil;<\/em><br><em>&#x1f449;Degrada\u00e7\u00e3o de um bloco de salas de aulas na Escola Prim\u00e1ria de Macuachane;<\/em><br><em>&#x1f449;Necessidade de constru\u00e7\u00e3o de casas condignas para os professores;<\/em><br><em>&#x1f449;Morosidade no pagamento do subs\u00eddio dos idosos;<\/em><br><em>&#x1f449;Fraca comunica\u00e7\u00e3o com a Direc\u00e7\u00e3o do PNL visando adoptar medidas de mitiga\u00e7\u00e3o do conflito homem fauna-bravia;<\/em><br><em>&#x1f449;Fome resultante da fraca precipita\u00e7\u00e3o e do conflito homem fauna-bravia;<\/em><br><em>&#x1f449;Avarias frequentes do furo de \u00e1gua no povoado de Ngulele;<\/em><br><em>&#x1f449;Inoper\u00e2ncia de um sistema de abastecimento de \u00e1gua em Madingane.<\/em><\/p>\n\n\n\n<p><em>Na ocasi\u00e3o, o Cda 1\u00b0 Secret\u00e1rio da FRELIMO em Massingir saudou a abertura e a coloca\u00e7\u00e3o s\u00e1bia das preocupa\u00e7\u00f5es, garantiu que ir\u00e1 trabalhar lado a lado com o Governo da FRELIMO, Direc\u00e7\u00e3o das \u00e1reas de conserva\u00e7\u00e3o de Biodiversidade e dos Ecossistemas (ANAC) visando buscar solu\u00e7\u00f5es concretas de cada inquieta\u00e7\u00e3o pois, \u00e9 neste povo que o Governo da FRELIMO busca for\u00e7a para a sua exist\u00eancia.<\/em><\/p>\n\n\n\n<p><em>Mundlovo, usou da oportunidade para anunciar a cria\u00e7\u00e3o e lan\u00e7amento do Fundo de Desenvolvimento Econ\u00f3mico Local (FDEL) pelo Cda Presidente Daniel Francisco Chapo em Vilanculo, Prov\u00edncia de Inhambane a 30 de Julho do ano em curso, com intuito de criar auto-emprego, transformar ideias em neg\u00f3cios, impulsionar a economia e desenvolvimento local.<\/em> _Apelou aos participantes para fazerem projectos sustent\u00e1veis e submeter ao Governo Distrital.<\/p>\n\n\n\n<p>_Na rota final, informou sobre a visita da Cda <em>Margarida Sebasti\u00e3o Mapandzene Chongo<\/em>, Governadora da Prov\u00edncia de Gaza ao nosso distrito e que durante a sua estadia Madingane ser\u00e1 um dos C\u00edrculos a ser escalado.<\/p>\n","protected":false},"excerpt":{"rendered":"<p>No \u00e2mbito do cumprimento do plano anual das actividades do Secretariado, o Cda David Ant\u00f3nio Mundlovo, 1\u00b0 Secret\u00e1rio do Comit\u00e9 Distrital do Partido FRELIMO em Massingir iniciou um p\u00e9riplo de visitas na manh\u00e3 desta quarta-feira, 13.08.2025 escalando os C\u00edrculos de Madingane na Zona Mavoze e Macuachane na Zona Zulo onde foi recebido de forma euf\u00f3rica &hellip;<\/p>\n","protected":false},"author":2,"featured_media":5784,"comment_status":"closed","ping_status":"open","sticky":false,"template":"","format":"standard","meta":{"_jetpack_memberships_contains_paid_content":false,"footnotes":""},"categories":[5],"tags":[],"class_list":["post-5783","post","type-post","status-publish","format-standard","has-post-thumbnail","hentry","category-noticias"],"jetpack_featured_media_url":"https:\/\/www.frelimo.org.mz\/wp-content\/uploads\/2025\/08\/FB_IMG_1755337218938.jpg","jetpack_sharing_enabled":true,"_links":{"self":[{"href":"https:\/\/www.frelimo.org.mz\/index.php?rest_route=\/wp\/v2\/posts\/5783","targetHints":{"allow":["GET"]}}],"collection":[{"href":"https:\/\/www.frelimo.org.mz\/index.php?rest_route=\/wp\/v2\/posts"}],"about":[{"href":"https:\/\/www.frelimo.org.mz\/index.php?rest_route=\/wp\/v2\/types\/post"}],"author":[{"embeddable":true,"href":"https:\/\/www.frelimo.org.mz\/index.php?rest_route=\/wp\/v2\/users\/2"}],"replies":[{"embeddable":true,"href":"https:\/\/www.frelimo.org.mz\/index.php?rest_route=%2Fwp%2Fv2%2Fcomments&post=5783"}],"version-history":[{"count":1,"href":"https:\/\/www.frelimo.org.mz\/index.php?rest_route=\/wp\/v2\/posts\/5783\/revisions"}],"predecessor-version":[{"id":5785,"href":"https:\/\/www.frelimo.org.mz\/index.php?rest_route=\/wp\/v2\/posts\/5783\/revisions\/5785"}],"wp:featuredmedia":[{"embeddable":true,"href":"https:\/\/www.frelimo.org.mz\/index.php?rest_route=\/wp\/v2\/media\/5784"}],"wp:attachment":[{"href":"https:\/\/www.frelimo.org.mz\/index.php?rest_route=%2Fwp%2Fv2%2Fmedia&parent=5783"}],"wp:term":[{"taxonomy":"category","embeddable":true,"href":"https:\/\/www.frelimo.org.mz\/index.php?rest_route=%2Fwp%2Fv2%2Fcategories&post=5783"},{"taxonomy":"post_tag","embeddable":true,"href":"https:\/\/www.frelimo.org.mz\/index.php?rest_route=%2Fwp%2Fv2%2Ftags&post=5783"}],"curies":[{"name":"wp","href":"https:\/\/api.w.org\/{rel}","templated":true}]}}