{"id":5768,"date":"2025-08-04T10:06:20","date_gmt":"2025-08-04T08:06:20","guid":{"rendered":"https:\/\/www.frelimo.org.mz\/?p=5768"},"modified":"2025-08-04T10:06:23","modified_gmt":"2025-08-04T08:06:23","slug":"em-gaza-chakil-aboobacar-defende-compromisso-inabalavel-com-o-povo-e-reforca-lideranca-do-presidente-chapo","status":"publish","type":"post","link":"https:\/\/www.frelimo.org.mz\/?p=5768","title":{"rendered":"EM GAZA: CHAKIL ABOOBACAR DEFENDE COMPROMISSO INABAL\u00c1VEL COM O POVO E REFOR\u00c7A LIDERAN\u00c7A DO PRESIDENTE CHAPO"},"content":{"rendered":"\n<p><\/p>\n\n\n\n<p>O Secret\u00e1rio-Geral da FRELIMO, <em>Chakil Aboobacar<\/em>, proferiu, neste S\u00e1bado, no distrito de Mandlakazi, um vigoroso apelo \u00e0 disciplina partid\u00e1ria, \u00e0 responsabilidade pol\u00edtica e \u00e0 fidelidade ao compromisso assumido com o povo mo\u00e7ambicano.<\/p>\n\n\n\n<p>Este pronunciamento marcou o in\u00edcio da sua visita de trabalho \u00e0 prov\u00edncia de Gaza, que se prolongar\u00e1 at\u00e9 a pr\u00f3xima ter\u00e7a-feira, 5 de Agosto.<\/p>\n\n\n\n<p>\u201cO compromisso com o povo n\u00e3o se negoceia. O nosso povo confiou em n\u00f3s. O nosso povo acredita que s\u00f3 a FRELIMO possui a capacidade hist\u00f3rica, pol\u00edtica e moral para resolver os seus problemas\u201d, afirmou de forma firme, dirigindo-se aos militantes, simpatizantes e dirigentes locais.<\/p>\n\n\n\n<p>O Secret\u00e1rio-Geral deixou claro que n\u00e3o h\u00e1 espa\u00e7o para hesita\u00e7\u00f5es nem para fraquezas no seio do Partido. \u201cAquele que n\u00e3o estiver em condi\u00e7\u00f5es, aquele que n\u00e3o possuir as capacidades exigidas pelo momento pol\u00edtico que vivemos, deve apresentar-se. A FRELIMO \u00e9 um Partido forjado na luta, com quadros \u00e0 altura dos grandes desafios da Na\u00e7\u00e3o\u201d, asseverou Aboobacar.<\/p>\n\n\n\n<p>Sublinhou, com \u00eanfase, que o Presidente da FRELIMO e Presidente da Rep\u00fablica, <em>Daniel Francisco Chapo<\/em>, tem pressa em transformar o Distrito, a Prov\u00edncia e o Pa\u00eds. \u201cN\u00e3o h\u00e1 tempo a perder. Escolhemos quadros que consideramos preparados para apoiar, com lealdade e compet\u00eancia, o Presidente Chapo na nobre miss\u00e3o de servir o nosso povo e acelerar o desenvolvimento.\u201d<\/p>\n\n\n\n<p>O Secret\u00e1rio-Geral da FRELIMO encerrou a sua interven\u00e7\u00e3o recordando o papel hist\u00f3rico da prov\u00edncia de Gaza, ber\u00e7o do Arquitecto da Unidade Nacional, Eduardo Mondlane, sublinhando que a mesma deve continuar a ser o \u201cquil\u00f3metro zero\u201d da coes\u00e3o nacional.<\/p>\n\n\n\n<p>\u201cGaza deve permanecer firme como terra de unidade, de patriotismo e de entrega total \u00e0 causa do povo mo\u00e7ambicano&#8221;, referiu.<\/p>\n","protected":false},"excerpt":{"rendered":"<p>O Secret\u00e1rio-Geral da FRELIMO, Chakil Aboobacar, proferiu, neste S\u00e1bado, no distrito de Mandlakazi, um vigoroso apelo \u00e0 disciplina partid\u00e1ria, \u00e0 responsabilidade pol\u00edtica e \u00e0 fidelidade ao compromisso assumido com o povo mo\u00e7ambicano. Este pronunciamento marcou o in\u00edcio da sua visita de trabalho \u00e0 prov\u00edncia de Gaza, que se prolongar\u00e1 at\u00e9 a pr\u00f3xima ter\u00e7a-feira, 5 de &hellip;<\/p>\n","protected":false},"author":2,"featured_media":5769,"comment_status":"closed","ping_status":"open","sticky":false,"template":"","format":"standard","meta":{"_jetpack_memberships_contains_paid_content":false,"footnotes":""},"categories":[7],"tags":[],"class_list":["post-5768","post","type-post","status-publish","format-standard","has-post-thumbnail","hentry","category-destaques"],"jetpack_featured_media_url":"https:\/\/www.frelimo.org.mz\/wp-content\/uploads\/2025\/08\/FB_IMG_1754294723739.jpg","jetpack_sharing_enabled":true,"_links":{"self":[{"href":"https:\/\/www.frelimo.org.mz\/index.php?rest_route=\/wp\/v2\/posts\/5768","targetHints":{"allow":["GET"]}}],"collection":[{"href":"https:\/\/www.frelimo.org.mz\/index.php?rest_route=\/wp\/v2\/posts"}],"about":[{"href":"https:\/\/www.frelimo.org.mz\/index.php?rest_route=\/wp\/v2\/types\/post"}],"author":[{"embeddable":true,"href":"https:\/\/www.frelimo.org.mz\/index.php?rest_route=\/wp\/v2\/users\/2"}],"replies":[{"embeddable":true,"href":"https:\/\/www.frelimo.org.mz\/index.php?rest_route=%2Fwp%2Fv2%2Fcomments&post=5768"}],"version-history":[{"count":1,"href":"https:\/\/www.frelimo.org.mz\/index.php?rest_route=\/wp\/v2\/posts\/5768\/revisions"}],"predecessor-version":[{"id":5770,"href":"https:\/\/www.frelimo.org.mz\/index.php?rest_route=\/wp\/v2\/posts\/5768\/revisions\/5770"}],"wp:featuredmedia":[{"embeddable":true,"href":"https:\/\/www.frelimo.org.mz\/index.php?rest_route=\/wp\/v2\/media\/5769"}],"wp:attachment":[{"href":"https:\/\/www.frelimo.org.mz\/index.php?rest_route=%2Fwp%2Fv2%2Fmedia&parent=5768"}],"wp:term":[{"taxonomy":"category","embeddable":true,"href":"https:\/\/www.frelimo.org.mz\/index.php?rest_route=%2Fwp%2Fv2%2Fcategories&post=5768"},{"taxonomy":"post_tag","embeddable":true,"href":"https:\/\/www.frelimo.org.mz\/index.php?rest_route=%2Fwp%2Fv2%2Ftags&post=5768"}],"curies":[{"name":"wp","href":"https:\/\/api.w.org\/{rel}","templated":true}]}}