{"id":5701,"date":"2025-07-16T10:04:33","date_gmt":"2025-07-16T08:04:33","guid":{"rendered":"https:\/\/www.frelimo.org.mz\/?p=5701"},"modified":"2025-07-16T10:04:34","modified_gmt":"2025-07-16T08:04:34","slug":"secretario-geral-da-frelimo-efectua-visita-de-trabalho-a-republica-de-cuba","status":"publish","type":"post","link":"https:\/\/www.frelimo.org.mz\/?p=5701","title":{"rendered":"SECRET\u00c1RIO-GERAL DA FRELIMO EFECTUA VISITA DE TRABALHO \u00c0 REP\u00daBLICA DE CUBA"},"content":{"rendered":"\n<p>MAPUTO, 16 DE JULHO DE 2025 \u2013 O Secret\u00e1rio-Geral da FRELIMO, Camarada Chakil Aboobacar, efectua uma visita de trabalho \u00e0 Rep\u00fablica de Cuba, de 17 a 21 de Julho corrente, a convite do Partido Comunista de Cuba (PCC).<\/p>\n\n\n\n<p>A visita insere-se no quadro do refor\u00e7o das hist\u00f3ricas rela\u00e7\u00f5es de amizade, solidariedade e coopera\u00e7\u00e3o entre a FRELIMO e o Partido Comunista de Cuba, bem como entre os povos de Mo\u00e7ambique e Cuba, cujos la\u00e7os remontam ao per\u00edodo da luta de liberta\u00e7\u00e3o nacional.<\/p>\n\n\n\n<p>Durante a sua estadia em Havana, o Secret\u00e1rio-Geral da FRELIMO manter\u00e1 encontros de alto n\u00edvel com a direc\u00e7\u00e3o do Partido Comunista de Cuba, incluindo o seu Secret\u00e1rio-Geral, com o objectivo de consolidar os la\u00e7os partid\u00e1rios e identificar novas \u00e1reas de coopera\u00e7\u00e3o nos dom\u00ednios pol\u00edtico, ideol\u00f3gico e social.<\/p>\n\n\n\n<p>A agenda da visita contempla igualmente actos de homenagem \u00e0 mem\u00f3ria dos her\u00f3is da Revolu\u00e7\u00e3o Cubana e visitas a institui\u00e7\u00f5es cubanas que, ao longo dos anos, t\u00eam contribu\u00eddo significativamente para a forma\u00e7\u00e3o de quadros mo\u00e7ambicanos em diversas \u00e1reas do saber.<\/p>\n\n\n\n<p>Nesta desloca\u00e7\u00e3o, o Secret\u00e1rio-Geral da FRELIMO far-se-\u00e1 acompanhar pelos Camaradas Secret\u00e1rios do Comit\u00e9 Central para as \u00c1reas de Rela\u00e7\u00f5es Exteriores, Ludmila Maguni; de Mobiliza\u00e7\u00e3o, Trabalho Ideol\u00f3gico e Organiza\u00e7\u00f5es Sociais, Gon\u00e7alves Jemusse; bem como por outros quadros do Partido. .<\/p>\n","protected":false},"excerpt":{"rendered":"<p>MAPUTO, 16 DE JULHO DE 2025 \u2013 O Secret\u00e1rio-Geral da FRELIMO, Camarada Chakil Aboobacar, efectua uma visita de trabalho \u00e0 Rep\u00fablica de Cuba, de 17 a 21 de Julho corrente, a convite do Partido Comunista de Cuba (PCC). A visita insere-se no quadro do refor\u00e7o das hist\u00f3ricas rela\u00e7\u00f5es de amizade, solidariedade e coopera\u00e7\u00e3o entre a &hellip;<\/p>\n","protected":false},"author":2,"featured_media":5702,"comment_status":"closed","ping_status":"open","sticky":false,"template":"","format":"standard","meta":{"_jetpack_memberships_contains_paid_content":false,"footnotes":""},"categories":[7],"tags":[],"class_list":["post-5701","post","type-post","status-publish","format-standard","has-post-thumbnail","hentry","category-destaques"],"jetpack_featured_media_url":"https:\/\/www.frelimo.org.mz\/wp-content\/uploads\/2025\/07\/IMG-20250716-WA0032.jpg","jetpack_sharing_enabled":true,"_links":{"self":[{"href":"https:\/\/www.frelimo.org.mz\/index.php?rest_route=\/wp\/v2\/posts\/5701","targetHints":{"allow":["GET"]}}],"collection":[{"href":"https:\/\/www.frelimo.org.mz\/index.php?rest_route=\/wp\/v2\/posts"}],"about":[{"href":"https:\/\/www.frelimo.org.mz\/index.php?rest_route=\/wp\/v2\/types\/post"}],"author":[{"embeddable":true,"href":"https:\/\/www.frelimo.org.mz\/index.php?rest_route=\/wp\/v2\/users\/2"}],"replies":[{"embeddable":true,"href":"https:\/\/www.frelimo.org.mz\/index.php?rest_route=%2Fwp%2Fv2%2Fcomments&post=5701"}],"version-history":[{"count":0,"href":"https:\/\/www.frelimo.org.mz\/index.php?rest_route=\/wp\/v2\/posts\/5701\/revisions"}],"wp:featuredmedia":[{"embeddable":true,"href":"https:\/\/www.frelimo.org.mz\/index.php?rest_route=\/wp\/v2\/media\/5702"}],"wp:attachment":[{"href":"https:\/\/www.frelimo.org.mz\/index.php?rest_route=%2Fwp%2Fv2%2Fmedia&parent=5701"}],"wp:term":[{"taxonomy":"category","embeddable":true,"href":"https:\/\/www.frelimo.org.mz\/index.php?rest_route=%2Fwp%2Fv2%2Fcategories&post=5701"},{"taxonomy":"post_tag","embeddable":true,"href":"https:\/\/www.frelimo.org.mz\/index.php?rest_route=%2Fwp%2Fv2%2Ftags&post=5701"}],"curies":[{"name":"wp","href":"https:\/\/api.w.org\/{rel}","templated":true}]}}