{"id":570,"date":"2022-02-09T11:13:00","date_gmt":"2022-02-09T11:13:00","guid":{"rendered":"https:\/\/www.frelimo.org.mz\/?p=570"},"modified":"2022-02-09T11:13:00","modified_gmt":"2022-02-09T11:13:00","slug":"mensagem-do-secretario-geral-roque-silva-pela-passagem-do-aniversario-do-camarada-presidente-filipe-jacinto-nyusi","status":"publish","type":"post","link":"https:\/\/www.frelimo.org.mz\/?p=570","title":{"rendered":"MENSAGEM DO SECRET\u00c1RIO GERAL, ROQUE SILVA, PELA PASSAGEM DO ANIVERS\u00c1RIO DO CAMARADA PRESIDENTE FILIPE JACINTO NYUSI"},"content":{"rendered":"\n<p>Neste dia especial, t\u00e3o especial em que celebramos a data do teu nascimento, aceite que em nome dos membros da Comiss\u00e3o Pol\u00edtica, do Secretariado do Comit\u00e9 Central, dos membros e simpatizantes da FRELIMO, da minha fam\u00edlia e em meu nome pr\u00f3prio lhe sa\u00fade e felicite.<\/p>\n\n\n\n<p>Hoje, 9 de Fevereiro n\u00e3o s\u00f3 celebramos a data do teu nascimento, pois, celebramos tamb\u00e9m a grandeza do vosso sentido patri\u00f3tico, da vossa entrega \u00e1 luta pela constru\u00e7\u00e3o do bem estar de todos assente na vossa s\u00e1bia e exemplar lideran\u00e7a da nossa p\u00e1tria amada.<\/p>\n\n\n\n<p>Camarada Presidente, o teu sorriso sempre presente, contrasta com a forma t\u00e3o arrojada e positivamente furiosa como luta pela remo\u00e7\u00e3o dos males que teimam em prevalecer nesta p\u00e1tria de todos n\u00f3s, como seja o terrorismo, a Covid, a fome, doen\u00e7as end\u00eamicas em s\u00edntese, a pobreza.<\/p>\n\n\n\n<p>O reconhecimento da grandeza da qualidade da vossa lideran\u00e7a e o eco da vossa elevada dimens\u00e3o humana soa de dentro e fora do nosso pa\u00eds como \u00e9 o caso da recente distin\u00e7\u00e3o pela Uni\u00e3o Africana como Campe\u00e3o na gest\u00e3o de riscos de desastres naturais em \u00c1frica s\u00f3 para citar um exemplo.<\/p>\n\n\n\n<p>Neste dia de celebra\u00e7\u00e3o, reiteramos o nosso orgulho pela forma como faz caber nesse teu nobre cora\u00e7\u00e3o a todos sem distin\u00e7\u00e3o, pobres e ricos, crian\u00e7as e jovens, homens e mulheres, velhos e pessoas com defici\u00eancia, aos que lhe desejam o bem e aos que desejam o mal, em s\u00edntese a todo o seu povo.<\/p>\n\n\n\n<p>Votos de muita sa\u00fade, longa vida e muita prosperidade Camarada Presidente.<\/p>\n\n\n\n<p>Que Deus derrame em si e vossa distinta fam\u00edlia as muitas e muitas ben\u00e7\u00e3os.<\/p>\n\n\n\n<p>Roque Silva<\/p>\n","protected":false},"excerpt":{"rendered":"<p>Neste dia especial, t\u00e3o especial em que celebramos a data do teu nascimento, aceite que em nome dos membros da Comiss\u00e3o Pol\u00edtica, do Secretariado do Comit\u00e9 Central, dos membros e simpatizantes da FRELIMO, da minha fam\u00edlia e em meu nome pr\u00f3prio lhe sa\u00fade e felicite. Hoje, 9 de Fevereiro n\u00e3o s\u00f3 celebramos a data do &hellip;<\/p>\n","protected":false},"author":1,"featured_media":0,"comment_status":"open","ping_status":"open","sticky":false,"template":"","format":"standard","meta":{"_jetpack_memberships_contains_paid_content":false,"footnotes":""},"categories":[7],"tags":[],"class_list":["post-570","post","type-post","status-publish","format-standard","hentry","category-destaques"],"jetpack_featured_media_url":"","jetpack_sharing_enabled":true,"_links":{"self":[{"href":"https:\/\/www.frelimo.org.mz\/index.php?rest_route=\/wp\/v2\/posts\/570","targetHints":{"allow":["GET"]}}],"collection":[{"href":"https:\/\/www.frelimo.org.mz\/index.php?rest_route=\/wp\/v2\/posts"}],"about":[{"href":"https:\/\/www.frelimo.org.mz\/index.php?rest_route=\/wp\/v2\/types\/post"}],"author":[{"embeddable":true,"href":"https:\/\/www.frelimo.org.mz\/index.php?rest_route=\/wp\/v2\/users\/1"}],"replies":[{"embeddable":true,"href":"https:\/\/www.frelimo.org.mz\/index.php?rest_route=%2Fwp%2Fv2%2Fcomments&post=570"}],"version-history":[{"count":0,"href":"https:\/\/www.frelimo.org.mz\/index.php?rest_route=\/wp\/v2\/posts\/570\/revisions"}],"wp:attachment":[{"href":"https:\/\/www.frelimo.org.mz\/index.php?rest_route=%2Fwp%2Fv2%2Fmedia&parent=570"}],"wp:term":[{"taxonomy":"category","embeddable":true,"href":"https:\/\/www.frelimo.org.mz\/index.php?rest_route=%2Fwp%2Fv2%2Fcategories&post=570"},{"taxonomy":"post_tag","embeddable":true,"href":"https:\/\/www.frelimo.org.mz\/index.php?rest_route=%2Fwp%2Fv2%2Ftags&post=570"}],"curies":[{"name":"wp","href":"https:\/\/api.w.org\/{rel}","templated":true}]}}