{"id":5694,"date":"2025-07-14T21:40:35","date_gmt":"2025-07-14T19:40:35","guid":{"rendered":"https:\/\/www.frelimo.org.mz\/?p=5694"},"modified":"2025-07-14T21:48:56","modified_gmt":"2025-07-14T19:48:56","slug":"chakil-aboobacar-dirigiu-na-tarde-desta-segunda-feira-14-de-julho-na-cidade-de-maputo-a-reuniao-de-avaliacao-do-desempenho-dos-orgaos-autarquicos","status":"publish","type":"post","link":"https:\/\/www.frelimo.org.mz\/?p=5694","title":{"rendered":"FRELIMO refor\u00e7a acompanhamento da governa\u00e7\u00e3o aut\u00e1rquica"},"content":{"rendered":"\n<p>O Secret\u00e1rio-Geral da FRELIMO, Chakil Aboobacar, dirigiu, na tarde desta Segunda-feira, 14 de Julho, na cidade de Maputo, a Reuni\u00e3o de Avalia\u00e7\u00e3o do Desempenho dos \u00d3rg\u00e3os Aut\u00e1rquicos.<\/p>\n\n\n\n<p>O encontro teve por finalidade aferir o grau de cumprimento do Manifesto Eleitoral da FRELIMO no decurso do primeiro semestre de 2025.<\/p>\n","protected":false},"excerpt":{"rendered":"<p>O Secret\u00e1rio-Geral da FRELIMO, Chakil Aboobacar, dirigiu, na tarde desta Segunda-feira, 14 de Julho, na cidade de Maputo, a Reuni\u00e3o de Avalia\u00e7\u00e3o do Desempenho dos \u00d3rg\u00e3os Aut\u00e1rquicos. O encontro teve por finalidade aferir o grau de cumprimento do Manifesto Eleitoral da FRELIMO no decurso do primeiro semestre de 2025.<\/p>\n","protected":false},"author":2,"featured_media":5695,"comment_status":"closed","ping_status":"open","sticky":false,"template":"","format":"standard","meta":{"_jetpack_memberships_contains_paid_content":false,"footnotes":""},"categories":[7],"tags":[],"class_list":["post-5694","post","type-post","status-publish","format-standard","has-post-thumbnail","hentry","category-destaques"],"jetpack_featured_media_url":"https:\/\/www.frelimo.org.mz\/wp-content\/uploads\/2025\/07\/FB_IMG_1752521779672.jpg","jetpack_sharing_enabled":true,"_links":{"self":[{"href":"https:\/\/www.frelimo.org.mz\/index.php?rest_route=\/wp\/v2\/posts\/5694","targetHints":{"allow":["GET"]}}],"collection":[{"href":"https:\/\/www.frelimo.org.mz\/index.php?rest_route=\/wp\/v2\/posts"}],"about":[{"href":"https:\/\/www.frelimo.org.mz\/index.php?rest_route=\/wp\/v2\/types\/post"}],"author":[{"embeddable":true,"href":"https:\/\/www.frelimo.org.mz\/index.php?rest_route=\/wp\/v2\/users\/2"}],"replies":[{"embeddable":true,"href":"https:\/\/www.frelimo.org.mz\/index.php?rest_route=%2Fwp%2Fv2%2Fcomments&post=5694"}],"version-history":[{"count":2,"href":"https:\/\/www.frelimo.org.mz\/index.php?rest_route=\/wp\/v2\/posts\/5694\/revisions"}],"predecessor-version":[{"id":5700,"href":"https:\/\/www.frelimo.org.mz\/index.php?rest_route=\/wp\/v2\/posts\/5694\/revisions\/5700"}],"wp:featuredmedia":[{"embeddable":true,"href":"https:\/\/www.frelimo.org.mz\/index.php?rest_route=\/wp\/v2\/media\/5695"}],"wp:attachment":[{"href":"https:\/\/www.frelimo.org.mz\/index.php?rest_route=%2Fwp%2Fv2%2Fmedia&parent=5694"}],"wp:term":[{"taxonomy":"category","embeddable":true,"href":"https:\/\/www.frelimo.org.mz\/index.php?rest_route=%2Fwp%2Fv2%2Fcategories&post=5694"},{"taxonomy":"post_tag","embeddable":true,"href":"https:\/\/www.frelimo.org.mz\/index.php?rest_route=%2Fwp%2Fv2%2Ftags&post=5694"}],"curies":[{"name":"wp","href":"https:\/\/api.w.org\/{rel}","templated":true}]}}