{"id":5690,"date":"2025-07-13T20:22:46","date_gmt":"2025-07-13T18:22:46","guid":{"rendered":"https:\/\/www.frelimo.org.mz\/?p=5690"},"modified":"2025-07-13T20:22:49","modified_gmt":"2025-07-13T18:22:49","slug":"ojm-desafiada-a-assumir-protagonismo-nos-processos-de-mudancas","status":"publish","type":"post","link":"https:\/\/www.frelimo.org.mz\/?p=5690","title":{"rendered":"OJM DESAFIADA A ASSUMIR PROTAGONISMO NOS PROCESSOS DE MUDAN\u00c7AS"},"content":{"rendered":"\n<p><\/p>\n\n\n\n<p>O Presidente da FRELIMO e Presidente da Rep\u00fablica, Daniel Francisco Chapo, defende ser tarefa da Organiza\u00e7\u00e3o da Juventude Mo\u00e7ambicana (OJM), assumir protagonismo nos processos das mudan\u00e7as que se imp\u00f5em para criar as melhores condi\u00e7\u00f5es dos jovens e da sociedade em geral.<\/p>\n\n\n\n<p>Segundo o Presidente Chapo, que discursava, este domingo na cidade da Matola, no acto da abertura do Semin\u00e1rio de Indu\u00e7\u00e3o dos Membros do Conselho Nacional da OJM, eleitos na VII Confer\u00eancia Nacional, o Governo vai continuar empenhado na busca da paz efectiva no pa\u00eds, usando o di\u00e1logo inclusivo como principal mecanismo para a resolu\u00e7\u00e3o dos conflitos.<\/p>\n\n\n\n<p>\u201cQueremos uma OJM cada vez mais assertiva e atractiva para todos os jovens independentemente da sua condi\u00e7\u00e3o social, econ\u00f3mica ou n\u00edvel de instru\u00e7\u00e3o. A maioria dos jovens mo\u00e7ambicanos olham a OJM com esperan\u00e7a, havendo necessidade de desenvolver maior esfor\u00e7o para trazer para as fileiras da organiza\u00e7\u00e3o mais membros de todos os estratos sociais\u201d, salientou o Presidente Daniel Chapo.<\/p>\n\n\n\n<p>Entretanto, o Presidente Daniel Chapo espera do novo Secret\u00e1rio-Geral da OJM, Constantino Andr\u00e9 e seus colaboradores, muito empenho, dinamismo e proactividade, desafiando a esta gera\u00e7\u00e3o, no sentido de deixar um importante legado de catapultar o pa\u00eds para novos patamares de desenvolvimento, aproveitando as oportunidades e potencialidades do pa\u00eds, no contexto humano e tecnol\u00f3gico. DESAFIADA A ASSUMIR PROTAGONISMO NOS PROCESSOS DE MUDAN\u00c7AS<\/p>\n\n\n\n<p>O Presidente da FRELIMO e Presidente da Rep\u00fablica, Daniel Francisco Chapo, defende ser tarefa da Organiza\u00e7\u00e3o da Juventude Mo\u00e7ambicana (OJM), assumir protagonismo nos processos das mudan\u00e7as que se imp\u00f5em para criar as melhores condi\u00e7\u00f5es dos jovens e da sociedade em geral.<\/p>\n\n\n\n<p>Segundo o Presidente Chapo, que discursava, este domingo na cidade da Matola, no acto da abertura do Semin\u00e1rio de Indu\u00e7\u00e3o dos Membros do Conselho Nacional da OJM, eleitos na VII Confer\u00eancia Nacional, o Governo vai continuar empenhado na busca da paz efectiva no pa\u00eds, usando o di\u00e1logo inclusivo como principal mecanismo para a resolu\u00e7\u00e3o dos conflitos.<\/p>\n\n\n\n<p>\u201cQueremos uma OJM cada vez mais assertiva e atractiva para todos os jovens independentemente da sua condi\u00e7\u00e3o social, econ\u00f3mica ou n\u00edvel de instru\u00e7\u00e3o. A maioria dos jovens mo\u00e7ambicanos olham a OJM com esperan\u00e7a, havendo necessidade de desenvolver maior esfor\u00e7o para trazer para as fileiras da organiza\u00e7\u00e3o mais membros de todos os estratos sociais\u201d, salientou o Presidente Daniel Chapo.<\/p>\n\n\n\n<p>Entretanto, o Presidente Daniel Chapo espera do novo Secret\u00e1rio-Geral da OJM, Constantino Andr\u00e9 e seus colaboradores, muito empenho, dinamismo e proactividade, desafiando a esta gera\u00e7\u00e3o, no sentido de deixar um importante legado de catapultar o pa\u00eds para novos patamares de desenvolvimento, aproveitando as oportunidades e potencialidades do pa\u00eds, no contexto humano e tecnol\u00f3gico.<\/p>\n","protected":false},"excerpt":{"rendered":"<p>O Presidente da FRELIMO e Presidente da Rep\u00fablica, Daniel Francisco Chapo, defende ser tarefa da Organiza\u00e7\u00e3o da Juventude Mo\u00e7ambicana (OJM), assumir protagonismo nos processos das mudan\u00e7as que se imp\u00f5em para criar as melhores condi\u00e7\u00f5es dos jovens e da sociedade em geral. Segundo o Presidente Chapo, que discursava, este domingo na cidade da Matola, no acto &hellip;<\/p>\n","protected":false},"author":2,"featured_media":5692,"comment_status":"closed","ping_status":"open","sticky":false,"template":"","format":"standard","meta":{"_jetpack_memberships_contains_paid_content":false,"footnotes":""},"categories":[7],"tags":[],"class_list":["post-5690","post","type-post","status-publish","format-standard","has-post-thumbnail","hentry","category-destaques"],"jetpack_featured_media_url":"https:\/\/www.frelimo.org.mz\/wp-content\/uploads\/2025\/07\/FB_IMG_1752430884057.jpg","jetpack_sharing_enabled":true,"_links":{"self":[{"href":"https:\/\/www.frelimo.org.mz\/index.php?rest_route=\/wp\/v2\/posts\/5690","targetHints":{"allow":["GET"]}}],"collection":[{"href":"https:\/\/www.frelimo.org.mz\/index.php?rest_route=\/wp\/v2\/posts"}],"about":[{"href":"https:\/\/www.frelimo.org.mz\/index.php?rest_route=\/wp\/v2\/types\/post"}],"author":[{"embeddable":true,"href":"https:\/\/www.frelimo.org.mz\/index.php?rest_route=\/wp\/v2\/users\/2"}],"replies":[{"embeddable":true,"href":"https:\/\/www.frelimo.org.mz\/index.php?rest_route=%2Fwp%2Fv2%2Fcomments&post=5690"}],"version-history":[{"count":1,"href":"https:\/\/www.frelimo.org.mz\/index.php?rest_route=\/wp\/v2\/posts\/5690\/revisions"}],"predecessor-version":[{"id":5691,"href":"https:\/\/www.frelimo.org.mz\/index.php?rest_route=\/wp\/v2\/posts\/5690\/revisions\/5691"}],"wp:featuredmedia":[{"embeddable":true,"href":"https:\/\/www.frelimo.org.mz\/index.php?rest_route=\/wp\/v2\/media\/5692"}],"wp:attachment":[{"href":"https:\/\/www.frelimo.org.mz\/index.php?rest_route=%2Fwp%2Fv2%2Fmedia&parent=5690"}],"wp:term":[{"taxonomy":"category","embeddable":true,"href":"https:\/\/www.frelimo.org.mz\/index.php?rest_route=%2Fwp%2Fv2%2Fcategories&post=5690"},{"taxonomy":"post_tag","embeddable":true,"href":"https:\/\/www.frelimo.org.mz\/index.php?rest_route=%2Fwp%2Fv2%2Ftags&post=5690"}],"curies":[{"name":"wp","href":"https:\/\/api.w.org\/{rel}","templated":true}]}}