{"id":5684,"date":"2025-07-12T19:21:37","date_gmt":"2025-07-12T17:21:37","guid":{"rendered":"https:\/\/www.frelimo.org.mz\/?p=5684"},"modified":"2025-07-12T19:21:40","modified_gmt":"2025-07-12T17:21:40","slug":"chakil-aboobacar-quer-jovens-na-dianteira-do-desenvolvimento-do-pais","status":"publish","type":"post","link":"https:\/\/www.frelimo.org.mz\/?p=5684","title":{"rendered":"CHAKIL ABOOBACAR QUER JOVENS NA DIANTEIRA DO DESENVOLVIMENTO DO PA\u00cdS"},"content":{"rendered":"\n<p><\/p>\n\n\n\n<p>O Secret\u00e1rio-Geral da FRELIMO, <em>Chakil Aboobacar<\/em>, desafiou o novo Secret\u00e1rio-Geral da Organiza\u00e7\u00e3o da Juventude Mo\u00e7ambicana (OJM), Constantino Andr\u00e9, a trabalhar no sentido de restaurar o papel da agremia\u00e7\u00e3o na mobiliza\u00e7\u00e3o da juventude para estar na dianteira do processo de desenvolvimento do pa\u00eds, rumo \u00e0 conquista da independ\u00eancia econ\u00f3mica.<\/p>\n\n\n\n<p><em>Chakil Aboobacar<\/em> lan\u00e7ou este repto logo ap\u00f3s conferir posse a Constantino Andr\u00e9, eleito para o cargo de Secret\u00e1rio-Geral este S\u00e1bado, durante a VII Confer\u00eancia Nacional da OJM, que decorre desde a \u00faltima Quinta-feira, na Escola Central do Partido FRELIMO, na Matola, prov\u00edncia de Maputo.<\/p>\n\n\n\n<p>O novo timoneiro da Organiza\u00e7\u00e3o da Juventude Mo\u00e7ambicana sucede a Silva Livone, actual Secret\u00e1rio de Estado na prov\u00edncia do Niassa, que, por imperativos do cargo, deixa de dirigir os destinos da maior agremia\u00e7\u00e3o juvenil do pa\u00eds.<\/p>\n\n\n\n<p>Natural da prov\u00edncia de Gaza, Constantino Andr\u00e9 possui forma\u00e7\u00e3o em Rela\u00e7\u00f5es Internacionais e Diplomacia. Antes da sua elei\u00e7\u00e3o, exercia as fun\u00e7\u00f5es de Presidente do Conselho Nacional de Jurisdi\u00e7\u00e3o da OJM e acumulava, igualmente, o cargo de 1.\u00ba Vice-Presidente do Conselho Nacional da Juventude (CNJ).<\/p>\n\n\n\n<p>A VII Confer\u00eancia Nacional da Organiza\u00e7\u00e3o da Juventude Mo\u00e7ambicana decorre sob o lema: &#8220;OJM renovada com a transi\u00e7\u00e3o geracional, firme na defesa da P\u00e1tria e na promo\u00e7\u00e3o da independ\u00eancia econ\u00f3mica.<\/p>\n\n\n\n<figure class=\"wp-block-image size-large\"><img loading=\"lazy\" decoding=\"async\" width=\"1024\" height=\"684\" src=\"https:\/\/www.frelimo.org.mz\/wp-content\/uploads\/2025\/07\/IMG-20250712-WA0052-1024x684.jpg\" alt=\"\" class=\"wp-image-5685\" srcset=\"https:\/\/www.frelimo.org.mz\/wp-content\/uploads\/2025\/07\/IMG-20250712-WA0052-1024x684.jpg 1024w, https:\/\/www.frelimo.org.mz\/wp-content\/uploads\/2025\/07\/IMG-20250712-WA0052-300x200.jpg 300w, https:\/\/www.frelimo.org.mz\/wp-content\/uploads\/2025\/07\/IMG-20250712-WA0052-768x513.jpg 768w, https:\/\/www.frelimo.org.mz\/wp-content\/uploads\/2025\/07\/IMG-20250712-WA0052-1536x1025.jpg 1536w, https:\/\/www.frelimo.org.mz\/wp-content\/uploads\/2025\/07\/IMG-20250712-WA0052.jpg 1600w\" sizes=\"auto, (max-width: 1024px) 100vw, 1024px\" \/><\/figure>\n","protected":false},"excerpt":{"rendered":"<p>O Secret\u00e1rio-Geral da FRELIMO, Chakil Aboobacar, desafiou o novo Secret\u00e1rio-Geral da Organiza\u00e7\u00e3o da Juventude Mo\u00e7ambicana (OJM), Constantino Andr\u00e9, a trabalhar no sentido de restaurar o papel da agremia\u00e7\u00e3o na mobiliza\u00e7\u00e3o da juventude para estar na dianteira do processo de desenvolvimento do pa\u00eds, rumo \u00e0 conquista da independ\u00eancia econ\u00f3mica. Chakil Aboobacar lan\u00e7ou este repto logo ap\u00f3s &hellip;<\/p>\n","protected":false},"author":2,"featured_media":5686,"comment_status":"closed","ping_status":"open","sticky":false,"template":"","format":"standard","meta":{"_jetpack_memberships_contains_paid_content":false,"footnotes":""},"categories":[7],"tags":[],"class_list":["post-5684","post","type-post","status-publish","format-standard","has-post-thumbnail","hentry","category-destaques"],"jetpack_featured_media_url":"https:\/\/www.frelimo.org.mz\/wp-content\/uploads\/2025\/07\/IMG-20250712-WA0056.jpg","jetpack_sharing_enabled":true,"_links":{"self":[{"href":"https:\/\/www.frelimo.org.mz\/index.php?rest_route=\/wp\/v2\/posts\/5684","targetHints":{"allow":["GET"]}}],"collection":[{"href":"https:\/\/www.frelimo.org.mz\/index.php?rest_route=\/wp\/v2\/posts"}],"about":[{"href":"https:\/\/www.frelimo.org.mz\/index.php?rest_route=\/wp\/v2\/types\/post"}],"author":[{"embeddable":true,"href":"https:\/\/www.frelimo.org.mz\/index.php?rest_route=\/wp\/v2\/users\/2"}],"replies":[{"embeddable":true,"href":"https:\/\/www.frelimo.org.mz\/index.php?rest_route=%2Fwp%2Fv2%2Fcomments&post=5684"}],"version-history":[{"count":0,"href":"https:\/\/www.frelimo.org.mz\/index.php?rest_route=\/wp\/v2\/posts\/5684\/revisions"}],"wp:featuredmedia":[{"embeddable":true,"href":"https:\/\/www.frelimo.org.mz\/index.php?rest_route=\/wp\/v2\/media\/5686"}],"wp:attachment":[{"href":"https:\/\/www.frelimo.org.mz\/index.php?rest_route=%2Fwp%2Fv2%2Fmedia&parent=5684"}],"wp:term":[{"taxonomy":"category","embeddable":true,"href":"https:\/\/www.frelimo.org.mz\/index.php?rest_route=%2Fwp%2Fv2%2Fcategories&post=5684"},{"taxonomy":"post_tag","embeddable":true,"href":"https:\/\/www.frelimo.org.mz\/index.php?rest_route=%2Fwp%2Fv2%2Ftags&post=5684"}],"curies":[{"name":"wp","href":"https:\/\/api.w.org\/{rel}","templated":true}]}}