{"id":5674,"date":"2025-07-10T18:11:00","date_gmt":"2025-07-10T16:11:00","guid":{"rendered":"https:\/\/www.frelimo.org.mz\/?p=5674"},"modified":"2025-07-10T18:11:03","modified_gmt":"2025-07-10T16:11:03","slug":"presidente-chapo-garante-mecanismos-que-estimulam-espirito-empreendedor-nos-jovens","status":"publish","type":"post","link":"https:\/\/www.frelimo.org.mz\/?p=5674","title":{"rendered":"PRESIDENTE CHAPO GARANTE MECANISMOS QUE ESTIMULAM ESP\u00cdRITO EMPREENDEDOR NOS JOVENS"},"content":{"rendered":"\n<p><\/p>\n\n\n\n<p>O Presidente da FRELIMO e Presidente da Rep\u00fablica de Mo\u00e7ambique, Daniel Francisco Chapo, afirmou que o Governo continuar\u00e1 a implementar medidas que t\u00eam em vista estimular iniciativas empreendedoras dos jovens, com a aprova\u00e7\u00e3o do Fundo de Desenvolvimento Econ\u00f3mico Local (FDEL), a ser lan\u00e7ado e operacionalizado brevemente, a n\u00edvel de todas as prov\u00edncias do pa\u00eds.<\/p>\n\n\n\n<p>Daniel Chapo, que falava no acto da abertura da VII Confer\u00eancia da Organiza\u00e7\u00e3o da Juventude Mo\u00e7ambicana (OJM), que decorre na cidade da Matola, de 10 a 12 de Julho corrente, disse que o FDEL estar\u00e1 dispon\u00edvel em todos os distritos e autarquias, cujos 60% dos recursos ser\u00e3o destinados para financiar os projectos dos jovens.<\/p>\n\n\n\n<p>\u201cEm paralelo a este Fundo, estamos a estruturar outras linhas de financiamento como o Fundo de Garantia Mutu\u00e1ria, o Banco Nacional de Desenvolvimento, o Fundo de Recupera\u00e7\u00e3o Econ\u00f3mica e outros mecanismos que estimulem o esp\u00edrito empreendedor e empresarial dos mo\u00e7ambicanos, em especial, da nossa juventude\u201d, salientou o Presidente Chapo.<\/p>\n\n\n\n<p>Daniel Chapo reafirmou, na ocasi\u00e3o, o seu profundo reconhecimento ao papel que a OJM continua a desempenhar na lideran\u00e7a da juventude mo\u00e7ambicana<br>para o seu engajamento na constru\u00e7\u00e3o da Na\u00e7\u00e3o, apesar das adversidades de v\u00e1ria ordem que o pa\u00eds atravessa.<\/p>\n\n\n\n<p>Segundo o Presidente da FRELIMO, a OJM deve ser uma organiza\u00e7\u00e3o cada vez mais atractiva para todos os jovens, independentemente da sua condi\u00e7\u00e3o social, econ\u00f3mica ou n\u00edvel de instru\u00e7\u00e3o. \u201cQueremos ver nas fileiras da OJM muito mais jovens de todos os extractos sociais\u201d, disse.<\/p>\n","protected":false},"excerpt":{"rendered":"<p>O Presidente da FRELIMO e Presidente da Rep\u00fablica de Mo\u00e7ambique, Daniel Francisco Chapo, afirmou que o Governo continuar\u00e1 a implementar medidas que t\u00eam em vista estimular iniciativas empreendedoras dos jovens, com a aprova\u00e7\u00e3o do Fundo de Desenvolvimento Econ\u00f3mico Local (FDEL), a ser lan\u00e7ado e operacionalizado brevemente, a n\u00edvel de todas as prov\u00edncias do pa\u00eds. Daniel &hellip;<\/p>\n","protected":false},"author":2,"featured_media":5675,"comment_status":"closed","ping_status":"open","sticky":false,"template":"","format":"standard","meta":{"_jetpack_memberships_contains_paid_content":false,"footnotes":""},"categories":[7],"tags":[],"class_list":["post-5674","post","type-post","status-publish","format-standard","has-post-thumbnail","hentry","category-destaques"],"jetpack_featured_media_url":"https:\/\/www.frelimo.org.mz\/wp-content\/uploads\/2025\/07\/FB_IMG_1752163692190.jpg","jetpack_sharing_enabled":true,"_links":{"self":[{"href":"https:\/\/www.frelimo.org.mz\/index.php?rest_route=\/wp\/v2\/posts\/5674","targetHints":{"allow":["GET"]}}],"collection":[{"href":"https:\/\/www.frelimo.org.mz\/index.php?rest_route=\/wp\/v2\/posts"}],"about":[{"href":"https:\/\/www.frelimo.org.mz\/index.php?rest_route=\/wp\/v2\/types\/post"}],"author":[{"embeddable":true,"href":"https:\/\/www.frelimo.org.mz\/index.php?rest_route=\/wp\/v2\/users\/2"}],"replies":[{"embeddable":true,"href":"https:\/\/www.frelimo.org.mz\/index.php?rest_route=%2Fwp%2Fv2%2Fcomments&post=5674"}],"version-history":[{"count":0,"href":"https:\/\/www.frelimo.org.mz\/index.php?rest_route=\/wp\/v2\/posts\/5674\/revisions"}],"wp:featuredmedia":[{"embeddable":true,"href":"https:\/\/www.frelimo.org.mz\/index.php?rest_route=\/wp\/v2\/media\/5675"}],"wp:attachment":[{"href":"https:\/\/www.frelimo.org.mz\/index.php?rest_route=%2Fwp%2Fv2%2Fmedia&parent=5674"}],"wp:term":[{"taxonomy":"category","embeddable":true,"href":"https:\/\/www.frelimo.org.mz\/index.php?rest_route=%2Fwp%2Fv2%2Fcategories&post=5674"},{"taxonomy":"post_tag","embeddable":true,"href":"https:\/\/www.frelimo.org.mz\/index.php?rest_route=%2Fwp%2Fv2%2Ftags&post=5674"}],"curies":[{"name":"wp","href":"https:\/\/api.w.org\/{rel}","templated":true}]}}