{"id":5653,"date":"2025-07-08T14:24:36","date_gmt":"2025-07-08T12:24:36","guid":{"rendered":"https:\/\/www.frelimo.org.mz\/?p=5653"},"modified":"2025-07-08T14:24:37","modified_gmt":"2025-07-08T12:24:37","slug":"comissao-politicacomunicado-de-imprensa","status":"publish","type":"post","link":"https:\/\/www.frelimo.org.mz\/?p=5653","title":{"rendered":"COMISS\u00c3O POLITICACOMUNICADO DE IMPRENSA"},"content":{"rendered":"\n<p><\/p>\n\n\n\n<p>Sob Direc\u00e7\u00e3o do Camarada DANIEL FRANCISCO CHAPO, Presidente da FRELIMO e Presidente da Rep\u00fablica de Mo\u00e7ambique, teve lugar no dia 07 de Julho de 2025, na Sede Nacional da FRELIMO, a 51\u00aa Sess\u00e3o Ordin\u00e1ria da Comiss\u00e3o Pol\u00edtica, que analisou a actual situa\u00e7\u00e3o pol\u00edtica, econ\u00f4mica e s\u00f3cio-cultural do Pa\u00eds, tendo se debru\u00e7ado sobre as seguintes mat\u00e9rias:<\/p>\n\n\n\n<ul class=\"wp-block-list\">\n<li>Celebra\u00e7\u00e3o dos 50 anos da Independ\u00eancia Nacional e 63 anos da FRELIMO;<\/li>\n\n\n\n<li>Parcerias Estrat\u00e9gicas para o Desenvolvimento e Ac\u00e7\u00e3o Diplom\u00e1tica;<\/li>\n\n\n\n<li>VII Confer\u00eancia Nacional da OJM;<\/li>\n\n\n\n<li>Funcionamento dos \u00f3rg\u00e3os do Partido nas Prov\u00edncias<\/li>\n\n\n\n<li>Desempenho da Bancada Parlamentar da FRELIMO na Assembleia da Rep\u00fablica; e<\/li>\n\n\n\n<li>Desempenho das For\u00e7as de Defesa e Seguran\u00e7a.<\/li>\n<\/ul>\n\n\n\n<ol class=\"wp-block-list\">\n<li>CELEBRA\u00c7\u00c3O DOS 50 ANOS DA INDEPEND\u00caNCIA NACIONAL E 63 ANOS DA FRELIMO<br>Sobre esta mat\u00e9ria a Comiss\u00e3o Pol\u00edtica:<\/li>\n<\/ol>\n\n\n\n<ul class=\"wp-block-list\">\n<li>Felicita a todo o Povo mo\u00e7ambicano por este momento de fortalecimento da coes\u00e3o e da unidade no seio da fam\u00edlia mo\u00e7ambicana, facto evidenciado pelo envolvimento de todas as for\u00e7as vivas da sociedade nas celebra\u00e7\u00f5es dos 50 anos da Independ\u00eancia Nacional, feito que orgulha a toda na\u00e7\u00e3o.<\/li>\n\n\n\n<li>Congratula o Camarada Presidente DANIEL FRANCISCO CHAPO, por liderar o jubileu da Independ\u00eancia Nacional e a todos os compatriotas, pela sua participa\u00e7\u00e3o entusi\u00e1stica nesta efem\u00e9ride, evento que exalta as conquistas alcan\u00e7adas ao longo deste percurso de edifica\u00e7\u00e3o de uma Na\u00e7\u00e3o Soberana, em desenvolvimento e sempre em paz e com crescente afirma\u00e7\u00e3o papel no concerto das na\u00e7\u00f5es.<\/li>\n\n\n\n<li>Considera que o 25 de Junho representa um marco da dignidade de uma Na\u00e7\u00e3o e o legado eterno de um povo que soube transformar a sua dor de povo oprimido numa vis\u00e3o de uma na\u00e7\u00e3o livre e pr\u00f3spera.<\/li>\n\n\n\n<li>Acompanhou, com j\u00fabilo, o movimento da marcha da Tocha da Unidade Nacional, em toda a sua traject\u00f3ria, exaltando a mo\u00e7ambicanidade, a cidadania e a uni\u00e3o dos mo\u00e7ambicanos, no in\u00edcio deste novo de governa\u00e7\u00e3o.<\/li>\n<\/ul>\n\n\n\n<ol class=\"wp-block-list\">\n<li>PARCERIAS ESTRAT\u00c9GICAS PARA O DESENVOLVIMENTO E FRENTE DIPLOM\u00c1TICA<br>Neste contexto, a Comiss\u00e3o Pol\u00edtica:<\/li>\n<\/ol>\n\n\n\n<ul class=\"wp-block-list\">\n<li>Enaltece a participa\u00e7\u00e3o do Camarada Presidente, DANIEL FRANCISCO CHAPO, na IV Confer\u00eancia Internacional das Na\u00e7\u00f5es Unidas sobre o Financiamento para o Desenvolvimento, e o encontro mantido com o seu hom\u00f3logo da Espanha, Rei Filipe VI, eventos em que Mo\u00e7ambique transmitiu a mensagem sobre a necessidade do refor\u00e7o da coopera\u00e7\u00e3o internacional, assegurando equidade e justi\u00e7a no acesso ao financiamento.<\/li>\n\n\n\n<li>Sa\u00fada igualmente o encontro mantido em Lisboa com o seu hom\u00f3logo portugu\u00eas, Marcelo Rebelo de Sousa e o Primeiro Ministro, Lu\u00eds Montenegro, o que reafirma o compromisso de fortalecer a coopera\u00e7\u00e3o m\u00fatua e vantajosa entre Mo\u00e7ambique e Portugal.<\/li>\n<\/ul>\n\n\n\n<ol class=\"wp-block-list\">\n<li>VII CONFER\u00caNCIA NACIONAL DA OJM<br>Sobre o evento, a Comiss\u00e3o Pol\u00edtica:<br>\u25cf Apreciou a informa\u00e7\u00e3o sobre os preparativos da realiza\u00e7\u00e3o da VII Confer\u00eancia Nacional da Organiza\u00e7\u00e3o da Juventude Mo\u00e7ambicana (OJM), tendo aprovado as propostas de candidatos ao cargo de Secret\u00e1rio-Geral, em estrita observ\u00e2ncia dos Estatutos e da Directiva de Elei\u00e7\u00f5es Internas da agremia\u00e7\u00e3o.<\/li>\n\n\n\n<li>FUNCIONAMENTO DOS \u00d3RG\u00c3OS DO PARTIDO NA PROV\u00cdNCIA<\/li>\n<\/ol>\n\n\n\n<p>\u25cf A Comiss\u00e3o Pol\u00edtica passou em revista o processo de revitaliza\u00e7\u00e3o dos \u00f3rg\u00e3os do Partido nas prov\u00edncias e distritos e nesse \u00e2mbito felicita a elei\u00e7\u00e3o do Camarada Francisco Nangura Muceliua, para o cargo de Primeiro Secret\u00e1rio da Prov\u00edncia da Zamb\u00e9zia.<\/p>\n\n\n\n<ol start=\"5\" class=\"wp-block-list\">\n<li>DESEMPENHO DA BANCADA PARLAMENTAR DA FRELIMO NA ASSEMBLEIA DA REP\u00daBLICA No que toca a este ponto:<\/li>\n<\/ol>\n\n\n\n<ul class=\"wp-block-list\">\n<li>A Comiss\u00e3o Pol\u00edtica foi informada sobre o trabalho que os deputados est\u00e3o a realizar nos respectivos c\u00edrculos eleitorais, no quadro da interac\u00e7\u00e3o com a popula\u00e7\u00e3o, fiscaliza\u00e7\u00e3o das actividades do governo, bem como na divulga\u00e7\u00e3o das principais decis\u00f5es da I Sess\u00e3o da X Legislatura da Assembleia da Rep\u00fablica.<\/li>\n<\/ul>\n\n\n\n<ol start=\"5\" class=\"wp-block-list\">\n<li>DESEMPENHO DAS FOR\u00c7AS DE DEFESA E SEGURAN\u00c7A<\/li>\n<\/ol>\n\n\n\n<p>Para este assunto, a Comiss\u00e3o Pol\u00edtica:<\/p>\n\n\n\n<ul class=\"wp-block-list\">\n<li>Condena os actos de barbaridade praticados contra os cidad\u00e3os e agentes da Pol\u00edcia da Rep\u00fablica de Mo\u00e7ambique e considera uma afronta a ordem e tranquilidade p\u00fablicas, pelo que insta os \u00f3rg\u00e3os competentes a investigarem e esclarecerem os casos, bem como apela a maior colabora\u00e7\u00e3o da popula\u00e7\u00e3o para o combate \u00e0 criminalidade.<\/li>\n<\/ul>\n\n\n\n<p>60 ANOS<br>CONSOLIDANDO A UNIDADE NACIONAL,<br>PROMOVENDO A PAZ E O DESENVOLVIMENTO<br>FRELIMO, A FOR\u00c7A DA MUDAN\u00c7A!<\/p>\n","protected":false},"excerpt":{"rendered":"<p>Sob Direc\u00e7\u00e3o do Camarada DANIEL FRANCISCO CHAPO, Presidente da FRELIMO e Presidente da Rep\u00fablica de Mo\u00e7ambique, teve lugar no dia 07 de Julho de 2025, na Sede Nacional da FRELIMO, a 51\u00aa Sess\u00e3o Ordin\u00e1ria da Comiss\u00e3o Pol\u00edtica, que analisou a actual situa\u00e7\u00e3o pol\u00edtica, econ\u00f4mica e s\u00f3cio-cultural do Pa\u00eds, tendo se debru\u00e7ado sobre as seguintes mat\u00e9rias: &hellip;<\/p>\n","protected":false},"author":2,"featured_media":5654,"comment_status":"closed","ping_status":"open","sticky":false,"template":"","format":"standard","meta":{"_jetpack_memberships_contains_paid_content":false,"footnotes":""},"categories":[7],"tags":[],"class_list":["post-5653","post","type-post","status-publish","format-standard","has-post-thumbnail","hentry","category-destaques"],"jetpack_featured_media_url":"https:\/\/www.frelimo.org.mz\/wp-content\/uploads\/2025\/07\/FB_IMG_1751977363909.jpg","jetpack_sharing_enabled":true,"_links":{"self":[{"href":"https:\/\/www.frelimo.org.mz\/index.php?rest_route=\/wp\/v2\/posts\/5653","targetHints":{"allow":["GET"]}}],"collection":[{"href":"https:\/\/www.frelimo.org.mz\/index.php?rest_route=\/wp\/v2\/posts"}],"about":[{"href":"https:\/\/www.frelimo.org.mz\/index.php?rest_route=\/wp\/v2\/types\/post"}],"author":[{"embeddable":true,"href":"https:\/\/www.frelimo.org.mz\/index.php?rest_route=\/wp\/v2\/users\/2"}],"replies":[{"embeddable":true,"href":"https:\/\/www.frelimo.org.mz\/index.php?rest_route=%2Fwp%2Fv2%2Fcomments&post=5653"}],"version-history":[{"count":1,"href":"https:\/\/www.frelimo.org.mz\/index.php?rest_route=\/wp\/v2\/posts\/5653\/revisions"}],"predecessor-version":[{"id":5655,"href":"https:\/\/www.frelimo.org.mz\/index.php?rest_route=\/wp\/v2\/posts\/5653\/revisions\/5655"}],"wp:featuredmedia":[{"embeddable":true,"href":"https:\/\/www.frelimo.org.mz\/index.php?rest_route=\/wp\/v2\/media\/5654"}],"wp:attachment":[{"href":"https:\/\/www.frelimo.org.mz\/index.php?rest_route=%2Fwp%2Fv2%2Fmedia&parent=5653"}],"wp:term":[{"taxonomy":"category","embeddable":true,"href":"https:\/\/www.frelimo.org.mz\/index.php?rest_route=%2Fwp%2Fv2%2Fcategories&post=5653"},{"taxonomy":"post_tag","embeddable":true,"href":"https:\/\/www.frelimo.org.mz\/index.php?rest_route=%2Fwp%2Fv2%2Ftags&post=5653"}],"curies":[{"name":"wp","href":"https:\/\/api.w.org\/{rel}","templated":true}]}}