{"id":5642,"date":"2025-07-04T15:56:06","date_gmt":"2025-07-04T13:56:06","guid":{"rendered":"https:\/\/www.frelimo.org.mz\/?p=5642"},"modified":"2025-07-04T15:56:15","modified_gmt":"2025-07-04T13:56:15","slug":"governacao-comprometida-em-manter-comunicacao-permanente","status":"publish","type":"post","link":"https:\/\/www.frelimo.org.mz\/?p=5642","title":{"rendered":"GOVERNA\u00c7\u00c3O COMPROMETIDA EM MANTER COMUNICA\u00c7\u00c3O PERMANENTE"},"content":{"rendered":"\n<p>Reconhecer a centralidade do papel dos \u00d3rg\u00e3os de Comunica\u00e7\u00e3o Social e seu valor estrat\u00e9gico na consolida\u00e7\u00e3o do Estado de Direito Democr\u00e1tico, constitui um dos principais focos nos contactos que a FRELIMO vem mantendo com os profissionais da \u00e1rea.<\/p>\n\n\n\n<p>O Secret\u00e1rio do Comit\u00e9 Central para Comunica\u00e7\u00e3o e Imagem e Porta-Voz da FRELIMO, Pedro Guiliche, que esta quinta-feira visitou as instala\u00e7\u00f5es da Televis\u00e3o Sucesso e do Jornal Magazine Independente, na cidade de Maputo, disse que a actual governa\u00e7\u00e3o no pa\u00eds est\u00e1 comprometida em manter uma comunica\u00e7\u00e3o permanente com o povo, visando estabelecer modelos que permitam maior participa\u00e7\u00e3o da sociedade nos programas do desenvolvimento.<\/p>\n\n\n\n<p>O Porta-Voz da FRELIMO exalta a import\u00e2ncia dos \u00d3rg\u00e3os de Comunica\u00e7\u00e3o Social, no seu exerc\u00edcio de comunicar, com isen\u00e7\u00e3o, mantendo o cidad\u00e3o informado sobre as etapas de governa\u00e7\u00e3o no pa\u00eds.<\/p>\n\n\n\n<p>\u201cA Imprensa tem um papel central, sobretudo na divulga\u00e7\u00e3o dos programas sobre a Unidade Nacional, Paz, Seguran\u00e7a e Governa\u00e7\u00e3o, patente no primeiro pilar do Programa Quinquenal do Governo\u201d, destacou Guiliche. O Porta-Voz da FRELIMO entende que os mo\u00e7ambicanos devem continuar a combater o terrorismo em Cabo Delgado, mantendo o compromisso com unidade nacional, paz e coes\u00e3o social.<\/p>\n\n\n\n<p>Para Pedro Guiliche, os \u00d3rg\u00e3os de Comunica\u00e7\u00e3o Social voltam a assumir um papel de relevo na divulga\u00e7\u00e3o do programa de governa\u00e7\u00e3o sobre a Democracia e Participa\u00e7\u00e3o. \u201c\u00c9 preciso informar aos mo\u00e7ambicanos, principalmente aos jovens, sobre os modelos de participa\u00e7\u00e3o na beneficia\u00e7\u00e3o de pol\u00edticas p\u00fablicas, sem se sentirem no direito de optar em destrui\u00e7\u00e3o de bens p\u00fablicos e privados, que s\u00e3o essenciais no processo de desenvolvimento s\u00f3cio-econ\u00f3mico do pa\u00eds\u201d, sublinhou.<\/p>\n\n\n\n<p>Ainda nesta Quinta-feira, o Secret\u00e1rio do Comit\u00e9 Central para Comunica\u00e7\u00e3o e Imagem visitou o Centro de Integridade P\u00fablica (CIP) para uma interac\u00e7\u00e3o em torno da situa\u00e7\u00e3o social, pol\u00edtica e econ\u00f3mica de Mo\u00e7ambique, num contacto que consolida as rela\u00e7\u00f5es existentes entre as duas institui\u00e7\u00f5es.<\/p>\n","protected":false},"excerpt":{"rendered":"<p>Reconhecer a centralidade do papel dos \u00d3rg\u00e3os de Comunica\u00e7\u00e3o Social e seu valor estrat\u00e9gico na consolida\u00e7\u00e3o do Estado de Direito Democr\u00e1tico, constitui um dos principais focos nos contactos que a FRELIMO vem mantendo com os profissionais da \u00e1rea. O Secret\u00e1rio do Comit\u00e9 Central para Comunica\u00e7\u00e3o e Imagem e Porta-Voz da FRELIMO, Pedro Guiliche, que esta &hellip;<\/p>\n","protected":false},"author":2,"featured_media":5643,"comment_status":"closed","ping_status":"open","sticky":false,"template":"","format":"standard","meta":{"_jetpack_memberships_contains_paid_content":false,"footnotes":""},"categories":[7],"tags":[],"class_list":["post-5642","post","type-post","status-publish","format-standard","has-post-thumbnail","hentry","category-destaques"],"jetpack_featured_media_url":"https:\/\/www.frelimo.org.mz\/wp-content\/uploads\/2025\/07\/FB_IMG_1751640221782.jpg","jetpack_sharing_enabled":true,"_links":{"self":[{"href":"https:\/\/www.frelimo.org.mz\/index.php?rest_route=\/wp\/v2\/posts\/5642","targetHints":{"allow":["GET"]}}],"collection":[{"href":"https:\/\/www.frelimo.org.mz\/index.php?rest_route=\/wp\/v2\/posts"}],"about":[{"href":"https:\/\/www.frelimo.org.mz\/index.php?rest_route=\/wp\/v2\/types\/post"}],"author":[{"embeddable":true,"href":"https:\/\/www.frelimo.org.mz\/index.php?rest_route=\/wp\/v2\/users\/2"}],"replies":[{"embeddable":true,"href":"https:\/\/www.frelimo.org.mz\/index.php?rest_route=%2Fwp%2Fv2%2Fcomments&post=5642"}],"version-history":[{"count":0,"href":"https:\/\/www.frelimo.org.mz\/index.php?rest_route=\/wp\/v2\/posts\/5642\/revisions"}],"wp:featuredmedia":[{"embeddable":true,"href":"https:\/\/www.frelimo.org.mz\/index.php?rest_route=\/wp\/v2\/media\/5643"}],"wp:attachment":[{"href":"https:\/\/www.frelimo.org.mz\/index.php?rest_route=%2Fwp%2Fv2%2Fmedia&parent=5642"}],"wp:term":[{"taxonomy":"category","embeddable":true,"href":"https:\/\/www.frelimo.org.mz\/index.php?rest_route=%2Fwp%2Fv2%2Fcategories&post=5642"},{"taxonomy":"post_tag","embeddable":true,"href":"https:\/\/www.frelimo.org.mz\/index.php?rest_route=%2Fwp%2Fv2%2Ftags&post=5642"}],"curies":[{"name":"wp","href":"https:\/\/api.w.org\/{rel}","templated":true}]}}