{"id":5619,"date":"2025-07-03T04:03:23","date_gmt":"2025-07-03T02:03:23","guid":{"rendered":"https:\/\/www.frelimo.org.mz\/?p=5619"},"modified":"2025-07-03T04:03:26","modified_gmt":"2025-07-03T02:03:26","slug":"presidente-chapo-afirma-que-mocambique-consolidou-aliancas-e-reforcou-sua-voz-no-debate-global-em-sevilha","status":"publish","type":"post","link":"https:\/\/www.frelimo.org.mz\/?p=5619","title":{"rendered":"PRESIDENTE CHAPO AFIRMA QUE MO\u00c7AMBIQUE CONSOLIDOU ALIAN\u00c7AS E REFOR\u00c7OU SUA VOZ NO DEBATE GLOBAL EM SEVILHA"},"content":{"rendered":"\n<p>O Presidente da Rep\u00fablica de Mo\u00e7ambique, Daniel Francisco Chapo, considerou um \u201cgrande sucesso\u201d a participa\u00e7\u00e3o de Mo\u00e7ambique na IV Confer\u00eancia das Na\u00e7\u00f5es Unidas sobre Financiamento para o Desenvolvimento, realizada em Sevilha, Espanha, destacando o refor\u00e7o da posi\u00e7\u00e3o do pa\u00eds no debate global sobre financiamento sustent\u00e1vel e a mobiliza\u00e7\u00e3o de apoio para projectos estruturantes em Mo\u00e7ambique.<\/p>\n\n\n\n<p>Ao fazer o balan\u00e7o da visita, o Chefe do Estado explicou que a delega\u00e7\u00e3o mo\u00e7ambicana teve uma interven\u00e7\u00e3o destacada nos debates multilaterais da confer\u00eancia, onde defendeu uma nova arquitectura financeira global mais inclusiva e equitativa.<\/p>\n\n\n\n<p>\u201cRefor\u00e7amos a necessidade de uma arquitectura financeira global, uma nova arquitectura mais inclusiva, com melhor acesso ao financiamento e maior equidade nas oportunidades para os pa\u00edses em desenvolvimento\u201d, afirmou, destacando a recente aprova\u00e7\u00e3o do Plano Estrat\u00e9gico de Desenvolvimento 2025\u20132044 como guia de longo prazo para o pa\u00eds.<\/p>\n\n\n\n<p>O Presidente Chapo participou igualmente na mesa-redonda sobre financiamento privado, onde defendeu a complementaridade entre financiamento p\u00fablico e investimento do sector privado para acelerar<br>o alcance dos Objectivos de Desenvolvimento Sustent\u00e1vel (ODS).<\/p>\n\n\n\n<p>\u201cEstamos a trabalhar neste momento at\u00e9 as reformas da legisla\u00e7\u00e3o para criarmos melhor ambiente de neg\u00f3cio em Mo\u00e7ambique\u201d, disse, real\u00e7ando a import\u00e2ncia da responsabilidade social e do conte\u00fado local nas parcerias com investidores.<\/p>\n\n\n\n<p>Entre os contactos bilaterais de alto n\u00edvel, destacaram-se os encontros com o Presidente do Banco Mundial, Ajay Banga; Director Adjunto de<br>Gest\u00e3o do Fundo Monet\u00e1rio Internacional (FMI),Nigel Clarke; o Presidente do Banco Africano de Desenvolvimento (BAD), Akinwumi Adesina; e o Presidente do Fundo Internacional de Desenvolvimento Agr\u00edcola (FIDA), Alvaro Lario, que manifestaram interesse em apoiar Mo\u00e7ambique e visitar o pa\u00eds ainda este ano.<\/p>\n\n\n\n<p>A delega\u00e7\u00e3o reuniu-se tamb\u00e9m com o Presidente da Comiss\u00e3o Europeia, Ant\u00f3nio Costa, com quem discutiu os principais desafios e oportunidades do desenvolvimento nacional.<\/p>\n\n\n\n<p>Outro destaque foi o encontro com o Presidente da plataforma Africa50, Alain Ebobiss\u00e9, \u201cum bra\u00e7o financeiro que ajuda os pa\u00edses africanos a conceberem, estruturarem e financiarem projectos\u201d,<br>segundo explicou o estadista. Este parceiro dever\u00e1 realizar um f\u00f3rum em Mo\u00e7ambique, onde ser\u00e3o apresentados os principais projectos<br>estrat\u00e9gicos do pa\u00eds.<\/p>\n\n\n\n<p>Mo\u00e7ambique participou ainda no f\u00f3rum empresarial paralelo \u00e0 confer\u00eancia, abordando temas como financiamento clim\u00e1tico, solu\u00e7\u00f5es lideradas pelos pa\u00edses em desenvolvimento e mecanismos<br>financeiros inovadores.<\/p>\n\n\n\n<p>No plano bilateral, a visita \u00e0 Espanha incluiu audi\u00eancias com o Rei Felipe VI, o Presidente do Governo da Espanha, Pedro S\u00e1nchez P\u00e9rez-<br>Castej\u00f3n, e com o antigo Presidente do Governo Jos\u00e9 Luis Zapatero, com os quais se abordou o fortalecimento das rela\u00e7\u00f5es hist\u00f3ricas entre<br>os dois pa\u00edses. Foi acordada a realiza\u00e7\u00e3o, ainda este ano, de um F\u00f3rum Econ\u00f3mico Mo\u00e7ambique-Espanha, com envolvimento do sector privado mo\u00e7ambicano e das C\u00e2maras de Com\u00e9rcio de ambos<br>os pa\u00edses.<\/p>\n\n\n\n<p>O Chefe do Estado sublinhou tamb\u00e9m a import\u00e2ncia da parceria com a Junta de Andaluzia, sobretudo no sector do turismo. Reafirmou a inten\u00e7\u00e3o de reactivar a Escola de Hotelaria e Turismo de Andaluzia, em Maputo, que no passado formou quadros altamente qualificados para o sector. \u201cN\u00e3o podemos fazer o turismo sem recursos humanos qualificados\u201d, disse, acrescentando que a coopera\u00e7\u00e3o se estende<br>tamb\u00e9m \u00e0s pescas, com empresas espanholas a operarem no pa\u00eds.<\/p>\n\n\n\n<p>A Confer\u00eancia de Sevilha permitiu ainda promover Mo\u00e7ambique como destino de investimento nos sectores de energia e recursos minerais. O Presidente da Rep\u00fablica destacou projectos como a segunda fase da Hidroel\u00e9ctrica de Cahora Bassa (HCB), a central de Temane e as centrais solares de Mocuba e Metoro, bem como o papel do pa\u00eds como fornecedor regional de energia. \u201cTemos portos,<br>corredores de desenvolvimento e uma localiza\u00e7\u00e3o estrat\u00e9gica\u201d, disse, apelando \u00e0 acelera\u00e7\u00e3o das reformas para facilitar o com\u00e9rcio e o<br>investimento.<\/p>\n\n\n\n<p>No fim do balan\u00e7o, o Presidente Daniel Chapo sublinhou que os compromissos assumidos em Sevilha, incluindo a aprova\u00e7\u00e3o do Compromisso de Sevilha, ter\u00e3o impacto directo na melhoria das condi\u00e7\u00f5es de vida da popula\u00e7\u00e3o. \u201cO nosso objectivo fundamental \u00e9 criar melhores condi\u00e7\u00f5es de vida para o povo mo\u00e7ambicano [\u2026], com mais escolas, mais hospitais, mais estradas, mais \u00e1gua, mais energia, mais medicamentos, mais livros escolares para as nossas crian\u00e7as\u201d, declarou.<\/p>\n","protected":false},"excerpt":{"rendered":"<p>O Presidente da Rep\u00fablica de Mo\u00e7ambique, Daniel Francisco Chapo, considerou um \u201cgrande sucesso\u201d a participa\u00e7\u00e3o de Mo\u00e7ambique na IV Confer\u00eancia das Na\u00e7\u00f5es Unidas sobre Financiamento para o Desenvolvimento, realizada em Sevilha, Espanha, destacando o refor\u00e7o da posi\u00e7\u00e3o do pa\u00eds no debate global sobre financiamento sustent\u00e1vel e a mobiliza\u00e7\u00e3o de apoio para projectos estruturantes em Mo\u00e7ambique. &hellip;<\/p>\n","protected":false},"author":2,"featured_media":5620,"comment_status":"closed","ping_status":"open","sticky":false,"template":"","format":"standard","meta":{"_jetpack_memberships_contains_paid_content":false,"footnotes":""},"categories":[7],"tags":[],"class_list":["post-5619","post","type-post","status-publish","format-standard","has-post-thumbnail","hentry","category-destaques"],"jetpack_featured_media_url":"https:\/\/www.frelimo.org.mz\/wp-content\/uploads\/2025\/07\/FB_IMG_1751507977193.jpg","jetpack_sharing_enabled":true,"_links":{"self":[{"href":"https:\/\/www.frelimo.org.mz\/index.php?rest_route=\/wp\/v2\/posts\/5619","targetHints":{"allow":["GET"]}}],"collection":[{"href":"https:\/\/www.frelimo.org.mz\/index.php?rest_route=\/wp\/v2\/posts"}],"about":[{"href":"https:\/\/www.frelimo.org.mz\/index.php?rest_route=\/wp\/v2\/types\/post"}],"author":[{"embeddable":true,"href":"https:\/\/www.frelimo.org.mz\/index.php?rest_route=\/wp\/v2\/users\/2"}],"replies":[{"embeddable":true,"href":"https:\/\/www.frelimo.org.mz\/index.php?rest_route=%2Fwp%2Fv2%2Fcomments&post=5619"}],"version-history":[{"count":0,"href":"https:\/\/www.frelimo.org.mz\/index.php?rest_route=\/wp\/v2\/posts\/5619\/revisions"}],"wp:featuredmedia":[{"embeddable":true,"href":"https:\/\/www.frelimo.org.mz\/index.php?rest_route=\/wp\/v2\/media\/5620"}],"wp:attachment":[{"href":"https:\/\/www.frelimo.org.mz\/index.php?rest_route=%2Fwp%2Fv2%2Fmedia&parent=5619"}],"wp:term":[{"taxonomy":"category","embeddable":true,"href":"https:\/\/www.frelimo.org.mz\/index.php?rest_route=%2Fwp%2Fv2%2Fcategories&post=5619"},{"taxonomy":"post_tag","embeddable":true,"href":"https:\/\/www.frelimo.org.mz\/index.php?rest_route=%2Fwp%2Fv2%2Ftags&post=5619"}],"curies":[{"name":"wp","href":"https:\/\/api.w.org\/{rel}","templated":true}]}}