{"id":5611,"date":"2025-07-01T10:36:46","date_gmt":"2025-07-01T08:36:46","guid":{"rendered":"https:\/\/www.frelimo.org.mz\/?p=5611"},"modified":"2025-07-01T10:36:49","modified_gmt":"2025-07-01T08:36:49","slug":"primeira-dama-apresenta-accoes-sociais-do-seu-gabinete-a-junta-da-andaluzia","status":"publish","type":"post","link":"https:\/\/www.frelimo.org.mz\/?p=5611","title":{"rendered":"PRIMEIRA-DAMA APRESENTA AC\u00c7\u00d5ES SOCIAIS DO SEU GABINETE \u00c0 JUNTA DA ANDALUZIA"},"content":{"rendered":"\n<p><\/p>\n\n\n\n<p>A Primeira-Dama da Rep\u00fablica, Gueta Selemane Chapo, reuniu-se esta Segunda-feira, (30), em Sevilha, com a lideran\u00e7a da Junta da Comunidade Aut\u00f3noma da Andaluzia, para apresentar as principais ac\u00e7\u00f5es sociais do seu Gabinete em prol dos grupos mais vulner\u00e1veis no pa\u00eds, incluindo pessoas com defici\u00eancia, albinismo, crian\u00e7as com m\u00e1 forma\u00e7\u00e3o cong\u00e9nita, idosos e mulheres reclusas.<\/p>\n\n\n\n<p>O encontro visou refor\u00e7ar parcerias e o interc\u00e2mbio de experi\u00eancias em inclus\u00e3o social e direitos humanos, tendo a Primeira-Dama destacado tamb\u00e9m a resposta humanit\u00e1ria prestada em \u00e1reas como habita\u00e7\u00e3o, cuidados m\u00e9dicos e dignidade nas penitenci\u00e1rias.<\/p>\n\n\n\n<p>A agenda incluiu ainda uma reuni\u00e3o com o Presidente Adjunto do Munic\u00edpio de Sevilha, com foco em poss\u00edveis \u00e1reas de coopera\u00e7\u00e3o.<\/p>\n","protected":false},"excerpt":{"rendered":"<p>A Primeira-Dama da Rep\u00fablica, Gueta Selemane Chapo, reuniu-se esta Segunda-feira, (30), em Sevilha, com a lideran\u00e7a da Junta da Comunidade Aut\u00f3noma da Andaluzia, para apresentar as principais ac\u00e7\u00f5es sociais do seu Gabinete em prol dos grupos mais vulner\u00e1veis no pa\u00eds, incluindo pessoas com defici\u00eancia, albinismo, crian\u00e7as com m\u00e1 forma\u00e7\u00e3o cong\u00e9nita, idosos e mulheres reclusas. O &hellip;<\/p>\n","protected":false},"author":2,"featured_media":5612,"comment_status":"closed","ping_status":"open","sticky":false,"template":"","format":"standard","meta":{"_jetpack_memberships_contains_paid_content":false,"footnotes":""},"categories":[5],"tags":[],"class_list":["post-5611","post","type-post","status-publish","format-standard","has-post-thumbnail","hentry","category-noticias"],"jetpack_featured_media_url":"https:\/\/www.frelimo.org.mz\/wp-content\/uploads\/2025\/07\/FB_IMG_1751359851984.jpg","jetpack_sharing_enabled":true,"_links":{"self":[{"href":"https:\/\/www.frelimo.org.mz\/index.php?rest_route=\/wp\/v2\/posts\/5611","targetHints":{"allow":["GET"]}}],"collection":[{"href":"https:\/\/www.frelimo.org.mz\/index.php?rest_route=\/wp\/v2\/posts"}],"about":[{"href":"https:\/\/www.frelimo.org.mz\/index.php?rest_route=\/wp\/v2\/types\/post"}],"author":[{"embeddable":true,"href":"https:\/\/www.frelimo.org.mz\/index.php?rest_route=\/wp\/v2\/users\/2"}],"replies":[{"embeddable":true,"href":"https:\/\/www.frelimo.org.mz\/index.php?rest_route=%2Fwp%2Fv2%2Fcomments&post=5611"}],"version-history":[{"count":0,"href":"https:\/\/www.frelimo.org.mz\/index.php?rest_route=\/wp\/v2\/posts\/5611\/revisions"}],"wp:featuredmedia":[{"embeddable":true,"href":"https:\/\/www.frelimo.org.mz\/index.php?rest_route=\/wp\/v2\/media\/5612"}],"wp:attachment":[{"href":"https:\/\/www.frelimo.org.mz\/index.php?rest_route=%2Fwp%2Fv2%2Fmedia&parent=5611"}],"wp:term":[{"taxonomy":"category","embeddable":true,"href":"https:\/\/www.frelimo.org.mz\/index.php?rest_route=%2Fwp%2Fv2%2Fcategories&post=5611"},{"taxonomy":"post_tag","embeddable":true,"href":"https:\/\/www.frelimo.org.mz\/index.php?rest_route=%2Fwp%2Fv2%2Ftags&post=5611"}],"curies":[{"name":"wp","href":"https:\/\/api.w.org\/{rel}","templated":true}]}}